{"id":960,"date":"2018-10-15T19:28:56","date_gmt":"2018-10-15T19:28:56","guid":{"rendered":"https:\/\/saf-wien.at\/wpneu\/index.php\/2018\/10\/15\/letzte-pirat-regatta-der-saison-2018\/"},"modified":"2018-10-15T19:28:56","modified_gmt":"2018-10-15T19:28:56","slug":"letzte-pirat-regatta-der-saison-2018","status":"publish","type":"post","link":"https:\/\/saf-wien.at\/wpneu\/index.php\/2018\/10\/15\/letzte-pirat-regatta-der-saison-2018\/","title":{"rendered":"Letzte Pirat-Regatta der Saison 2018"},"content":{"rendered":"<p>Vergangenes Wochenende (13.\/14. Oktober) fand das Kurt-Czajka-Memorial beim Wiener Yacht Club an der Alten Donau statt. Es ist die letzte Pirat-Regatta der Saison 2018. Bei gutem Wind und sonnigem, warmem Wetter fanden sich 6 Pirat-Teams zu dieser Regatta ein. F\u00fcr den SAF waren Albert und ich mit dabei (AUT 52). <br \/><img decoding=\"async\" src=\"https:\/\/saf-wien.at\/wpneu\/wp-content\/uploads\/2022\/03\/DSCN1722.jpg\" alt=\"\" \/><\/p>\n<p>Zeitgleich fand eine Finn-Regatta mit 20 Startern statt. <br \/><img decoding=\"async\" src=\"https:\/\/saf-wien.at\/wpneu\/wp-content\/uploads\/2022\/03\/DSCN1710.jpg\" alt=\"\" \/>Somit war f\u00fcr viel Verkehr am Wasser gesorgt. Ein paar der Finn-Segler wollten auch unbedingt im knapp 16 Grad warmen Wasser Baden gehen.<\/p>\n<p>Das Team Matthias Reiter und Iris Pintarich wurden Erste. Wir wurden Zweite. F\u00fcr uns h\u00e4tte es ruhig noch etwas mehr Wind sein d\u00fcrfen. Die Ergebnisliste ist <a href=\"https:\/\/regatta365.com\/stream\/results\/file\/3263.pdf\/name\/Kurt-Czajka-MemorialErgebnisse_Pirat.pdf\">hier<\/a> zu finden.<\/p>\n","protected":false},"excerpt":{"rendered":"<p>Vergangenes Wochenende (13.\/14. Oktober) fand das Kurt-Czajka-Memorial beim Wiener Yacht Club an der Alten Donau statt. Es ist die letzte Pirat-Regatta der Saison 2018. Bei gutem Wind und sonnigem, warmem Wetter fanden sich 6 Pirat-Teams zu dieser Regatta ein. F\u00fcr den SAF waren Albert und ich mit dabei (AUT 52). Zeitgleich fand eine Finn-Regatta mit &#8230; <a title=\"Letzte Pirat-Regatta der Saison 2018\" class=\"read-more\" href=\"https:\/\/saf-wien.at\/wpneu\/index.php\/2018\/10\/15\/letzte-pirat-regatta-der-saison-2018\/\" aria-label=\"Mehr Informationen \u00fcber Letzte Pirat-Regatta der Saison 2018\">Weiterlesen<\/a><\/p>\n","protected":false},"author":3,"featured_media":950,"comment_status":"open","ping_status":"open","sticky":false,"template":"","format":"standard","meta":{"footnotes":""},"categories":[1],"tags":[],"class_list":["post-960","post","type-post","status-publish","format-standard","has-post-thumbnail","hentry","category-uncategorized"],"_links":{"self":[{"href":"https:\/\/saf-wien.at\/wpneu\/index.php\/wp-json\/wp\/v2\/posts\/960","targetHints":{"allow":["GET"]}}],"collection":[{"href":"https:\/\/saf-wien.at\/wpneu\/index.php\/wp-json\/wp\/v2\/posts"}],"about":[{"href":"https:\/\/saf-wien.at\/wpneu\/index.php\/wp-json\/wp\/v2\/types\/post"}],"author":[{"embeddable":true,"href":"https:\/\/saf-wien.at\/wpneu\/index.php\/wp-json\/wp\/v2\/users\/3"}],"replies":[{"embeddable":true,"href":"https:\/\/saf-wien.at\/wpneu\/index.php\/wp-json\/wp\/v2\/comments?post=960"}],"version-history":[{"count":0,"href":"https:\/\/saf-wien.at\/wpneu\/index.php\/wp-json\/wp\/v2\/posts\/960\/revisions"}],"wp:featuredmedia":[{"embeddable":true,"href":"https:\/\/saf-wien.at\/wpneu\/index.php\/wp-json\/wp\/v2\/posts\/950"}],"wp:attachment":[{"href":"https:\/\/saf-wien.at\/wpneu\/index.php\/wp-json\/wp\/v2\/media?parent=960"}],"wp:term":[{"taxonomy":"category","embeddable":true,"href":"https:\/\/saf-wien.at\/wpneu\/index.php\/wp-json\/wp\/v2\/categories?post=960"},{"taxonomy":"post_tag","embeddable":true,"href":"https:\/\/saf-wien.at\/wpneu\/index.php\/wp-json\/wp\/v2\/tags?post=960"}],"curies":[{"name":"wp","href":"https:\/\/api.w.org\/{rel}","templated":true}]}}