{"id":950,"date":"2018-09-02T15:24:23","date_gmt":"2018-09-02T15:24:23","guid":{"rendered":"https:\/\/saf-wien.at\/wpneu\/index.php\/2018\/09\/02\/die-ferienausklangregatta-2018\/"},"modified":"2018-09-02T15:24:23","modified_gmt":"2018-09-02T15:24:23","slug":"die-ferienausklangregatta-2018","status":"publish","type":"post","link":"https:\/\/saf-wien.at\/wpneu\/index.php\/2018\/09\/02\/die-ferienausklangregatta-2018\/","title":{"rendered":"Die Ferienausklangregatta 2018"},"content":{"rendered":"<p>Wetterprognosen haben so etwas an sich: manchmal stimmen sie, manchmal eher  nicht. Man kann sich selten auf sie verlassen, aber ganz ignorieren kann man sie trotzdem nicht. <br \/>Wie letzten Samstag, als die j\u00e4hrliche Ferienausklangregatta auf dem Programm stand. Eine kleine Regatta f\u00fcr unsere Segel-Neulinge. Eine ideale M\u00f6glichkeit, in entspannter Atmosph\u00e4re mal Regattaluft zu schnuppern. Ohne Anreise an ein fremdes Revier und ohne die Bef\u00fcrchtung haben zu m\u00fcssen, durch ein kleines Fehlerchen irgendeinen Segel-Champion um seinen wohlverdienten Sieg zu bringen zu k\u00f6nnen.<\/p>\n<p><img decoding=\"async\" src=\"https:\/\/saf-wien.at\/wpneu\/wp-content\/uploads\/2022\/03\/IMG_2501.jpg\" alt=\"\" \/><\/p>\n<p>Zur\u00fcck zur Wetterprognose. Oder eigentlich zur Windprognose, die mit ihrer Trefferwahrscheinlichkeit oft weit hinter der allgemeinen Wetterprognose hinterherhinkt. <br \/>Angesagt war also wenig (oder gar kein) Wind, daf\u00fcr aber viel Regen, aufgepeppt mit einer kr\u00e4ftigen Prise Gewitter. Und das  hat so ziemlich alle abgeschreckt. Wer will schon einen Nachmittag lang, wom\u00f6glich erfolglos, in Regen, Blitz und Donner, auf Wind warten. <\/p>\n<p><img decoding=\"async\" src=\"https:\/\/saf-wien.at\/wpneu\/wp-content\/uploads\/2022\/03\/IMG_2500.jpg\" alt=\"\" \/><\/p>\n<p>Letztendlich sind dann nur 2 Segler, Helga und Manfred,  angereist, zu wenig f\u00fcr eine Regatta. Also wurde J\u00f6rg, der eigentlich die Wettfahrt h\u00e4tte leiten sollen, ins Boot gesetzt und die Wettfahrtleitung hat dann Arno, der als fachkundiger Zuseher gekommen war, \u00fcbernommen. Der Wind hat sich zum Gl\u00fcck nicht lumpen lassen und so konnte bei leichtem Nordwest  (w\u00e4re eigentlich ein idealer Wind f\u00fcr unsere Neulinge gewesen) 3 Wettfahrten , unterbrochen nur durch eine kurze Gewitterpause, gesegelt werden.<\/p>\n<p><img decoding=\"async\" src=\"https:\/\/saf-wien.at\/wpneu\/wp-content\/uploads\/2022\/03\/IMG_2497.jpg\" alt=\"\" \/><\/p>\n<p>Gewonnen, nach hartem Kampf, hat letztendlich J\u00f6rg, vor Helga und Manfred.<\/p>\n<p>F\u00fcr die Bilder bedanke ich mich bei Dieter, der auf einen Hupf mit seinen beiden Kindern vorbeischauen konnte. <\/p>\n<p>Und ich freu mich auch schon auf die ASK\u00d6-Meisterschaft am 6.10. und den gro\u00dfen Herbstpreis am 26.10. Mit hoffentlich besserer Wetterprognose \ud83d\ude42<\/p>\n","protected":false},"excerpt":{"rendered":"<p>Wetterprognosen haben so etwas an sich: manchmal stimmen sie, manchmal eher nicht. Man kann sich selten auf sie verlassen, aber ganz ignorieren kann man sie trotzdem nicht. Wie letzten Samstag, als die j\u00e4hrliche Ferienausklangregatta auf dem Programm stand. Eine kleine Regatta f\u00fcr unsere Segel-Neulinge. Eine ideale M\u00f6glichkeit, in entspannter Atmosph\u00e4re mal Regattaluft zu schnuppern. Ohne &#8230; <a title=\"Die Ferienausklangregatta 2018\" class=\"read-more\" href=\"https:\/\/saf-wien.at\/wpneu\/index.php\/2018\/09\/02\/die-ferienausklangregatta-2018\/\" aria-label=\"Mehr Informationen \u00fcber Die Ferienausklangregatta 2018\">Weiterlesen<\/a><\/p>\n","protected":false},"author":1,"featured_media":940,"comment_status":"open","ping_status":"open","sticky":false,"template":"","format":"standard","meta":{"footnotes":""},"categories":[1],"tags":[],"class_list":["post-950","post","type-post","status-publish","format-standard","has-post-thumbnail","hentry","category-uncategorized"],"_links":{"self":[{"href":"https:\/\/saf-wien.at\/wpneu\/index.php\/wp-json\/wp\/v2\/posts\/950","targetHints":{"allow":["GET"]}}],"collection":[{"href":"https:\/\/saf-wien.at\/wpneu\/index.php\/wp-json\/wp\/v2\/posts"}],"about":[{"href":"https:\/\/saf-wien.at\/wpneu\/index.php\/wp-json\/wp\/v2\/types\/post"}],"author":[{"embeddable":true,"href":"https:\/\/saf-wien.at\/wpneu\/index.php\/wp-json\/wp\/v2\/users\/1"}],"replies":[{"embeddable":true,"href":"https:\/\/saf-wien.at\/wpneu\/index.php\/wp-json\/wp\/v2\/comments?post=950"}],"version-history":[{"count":0,"href":"https:\/\/saf-wien.at\/wpneu\/index.php\/wp-json\/wp\/v2\/posts\/950\/revisions"}],"wp:featuredmedia":[{"embeddable":true,"href":"https:\/\/saf-wien.at\/wpneu\/index.php\/wp-json\/wp\/v2\/posts\/940"}],"wp:attachment":[{"href":"https:\/\/saf-wien.at\/wpneu\/index.php\/wp-json\/wp\/v2\/media?parent=950"}],"wp:term":[{"taxonomy":"category","embeddable":true,"href":"https:\/\/saf-wien.at\/wpneu\/index.php\/wp-json\/wp\/v2\/categories?post=950"},{"taxonomy":"post_tag","embeddable":true,"href":"https:\/\/saf-wien.at\/wpneu\/index.php\/wp-json\/wp\/v2\/tags?post=950"}],"curies":[{"name":"wp","href":"https:\/\/api.w.org\/{rel}","templated":true}]}}