{"id":940,"date":"2018-08-24T19:14:12","date_gmt":"2018-08-24T19:14:12","guid":{"rendered":"https:\/\/saf-wien.at\/wpneu\/index.php\/2018\/08\/24\/gedanken-eines-eisarsches\/"},"modified":"2018-08-24T19:14:12","modified_gmt":"2018-08-24T19:14:12","slug":"gedanken-eines-eisarsches","status":"publish","type":"post","link":"https:\/\/saf-wien.at\/wpneu\/index.php\/2018\/08\/24\/gedanken-eines-eisarsches\/","title":{"rendered":"Gedanken eines Eisarsches"},"content":{"rendered":"<p>Passend zur Wetterabk\u00fchlung stelle ich einen alten Artikel aus dem Jahr 2002 online. Dieser wurde von Gudrun Wolfgang (jetzt Gudrun B\u00f6hm) &#8211; der Siegerin der erstmals ausgetragenen <a href=\"http:\/\/www.eisarsch.at\/\">Eisarsch<\/a>-Regatta verfasst.<\/p>\n<p>Nicht aus dem warmen Auto raus! NEIN! Diese Frau hat einfach kein Mitleid mit mir. Drau\u00dfen hat es Minusgrade, und es ist nebelig, und au\u00dferdem: Wo sind wir hier eigentlich? Jetzt macht sie\u00b4s wirklich! Pfui, ist es hier kalt! <br \/>Ja Hallo! Hier gibt es ja mehrere. Man k\u00f6nnte auch sagen: lauter Verr\u00fcckte! Gr\u00fc\u00df Dich, wie geht\u00b4s, schon lange nicht mehr gesehen. Und da, da ist ja noch jemand, den ich kenne. Aber komisch! Was soll das? Was machen die alle mit diesen Kisten? Apropos Kiste, die kommt mir bekannt vor, in der bin ich vor Jahren auch schon drinnen gesessen (aber da war ich noch deutlich kleiner!!!). <br \/>Ho ruck, runter vom Dach mit dem Opti. Mir schwant Schlimmes, aber wollen wir \u00b4mal nichts verschreien&#8230; . Normalerweise ist meine &#8222;Besitzerin&#8220; nicht v\u00f6llig durchgeknallt, vielleicht etwas masochistisch veranlagt, aber bestimmt nicht so wahnsinnig, im Dezember am Attersee in einem Opti segeln zu gehen! Ist ja auch wirklich grausam diese Vorstellung. <br \/>Das Boot ist schon am Slipwagerl, und ruck zuck &#8230; hui, da ist ja Wasser! Und schon steht ein Segel in diesem Trog, den sie gerade vom Dach abgeladen hat. AUT 881 steht drauf. Gut, das war\u00b4s, wo bleibt das Optikind? In Portoroz habe ich das ja schon sehr oft miterlebt: Erwachsene bauen die Optis auf, dann kommen die Kinder, setzen sich rein und segeln damit. Das Problem ist nur: Hier sind keine Kinder! Hey Fr\u00e4ulen, mir ist kalt! <br \/>Ah, die Erl\u00f6sung &#8230; wir gehen zum Auto, ab nach Hause zur warmen Heizung. <br \/>Nicht die Hose runter! Warum zieht sich diese Wahnsinnige um? Lange Unterhose, Faserpelz, Trockenanzug. Und jetzt geht auf einmal alles so schnell, sie l\u00e4uft zum aufgebauten Boot, zieht es zum Wasser, Hilfeschreie von meinen Informanten ganz unten, die Erfrierung droht! <br \/>Ich halte es nicht aus, sie setzt mich in ein hartes, kaltes und viel zu kleines Boot. Aber zu ihrer Verteidigung muss ich sagen: Sie ist nicht die Einzige. Um mich herum h\u00f6re ich verzweifelte Hilferufe von meine Arschkollegen. Protest, Aufstand, Streik, wir m\u00fcssen uns wehren. \u00c4rsche, vereinigt Euch! <br \/>5\u00b0C kaltes Wasser spritzt mich an, der Wind umweht mich \u00c4rmsten aller Armen. Oh Gott, da liegt einer im Wasser, es gibt also doch noch \u00e4rmere \u00c4rsche als mich!? <br \/>Da ist pl\u00f6tzlich so ein Krach. BUMM!!! Das d\u00fcrfte so etwas wie ein Startschu\u00df gewesen sein. Jetzt geht\u00b4s los! Ich habe noch immer keine Ahnung, worum es hier eigentlich geht (mir erz\u00e4hlt man ja nichts), aber um mich herum wird es scheinbar stressig &#8230; und es ist noch immer kalt, man k\u00f6nnte fast sagen: ARSCHKALT! <br \/>Wende hin, Wende her, das schaut ja gar nicht so schlecht aus, da vorne kommt die Luvboje, und vor uns segeln nur 1,2,3 &#8230; hui nur drei andere Boote. Nicht nerv\u00f6s werden! <br \/>Den Vorwindkurs habe ich immer schon gehasst. Boot aufkanten hei\u00dft f\u00fcr mich n\u00e4mlich Ertrinken. Und meine irre Besitzerin hat auch heute wohl kein anderes Problem, als m\u00f6glichst schnell zu segeln und schleift mich alle paar Minuten durchs Wasser. Mir ist kalt, ich erfriere, ich will nach Hause! Wie haltet ihr Finger das nur aus? Ihr seid ja auch ganz na\u00df. Ach so! Ich wehrt Euch eh schon und qu\u00e4lt sie mit ziehenden Schmerzen . Sollte ich vielleicht auch einmal probieren &#8230;! <br \/>Vor lauter \u00c4rger habe ich jetzt ganz \u00fcbersehen, dass wir schon an dritter Stelle liegen und die Leeboje haben wir auch gerade passiert. Eigentlich erfreulich, weil dann sind wir n\u00e4mlich bald wieder im Warmen. Diese K\u00e4lte ist ja nicht auszuhalten! <br \/>Es kommt mir so vor, als w\u00fcrde hier pl\u00f6tzlich Adrenalin ausgesch\u00fcttet werden. Nervosit\u00e4t macht sich breit. Warum eigentlich? Was ist los? <br \/>Was? Wir sind pl\u00f6tzlich Erste! Wie hat sie das denn gemacht? Hirn, erkl\u00e4r\u00b4 mir das! Ach so, Du wei\u00dft es auch nicht?! <br \/>Ich sp\u00fcre, dass hier eine Blutdrucksteigerung im Gange ist, und ich sehe, dass das Ziel naht. Mir wird pl\u00f6tzlich immer w\u00e4rmer, das ist ja richtig spannend hier! <br \/>Wir sind noch immer Erste, jetzt muss ich ihr helfen! Schluss mit Streik und Gejammer, es geht um meine Ehre. <br \/>Eine letzte Rollwende &#8230; das ist MEIN Job! Raus mit mir, das Wasser ist kalt, aber was soll\u00b4s. Hey, diese Wende war sch\u00f6n, fast wie vor zehn Jahren. Und DAS f\u00fcnf Meter vor dem Ziel! <br \/>Jubel, Geschrei, der Fan-Club flippt aus, j\u00fcngere Zuschauer fallen in Ohnmacht. Hirn, was ist los? <br \/>Ach so!!! Ich bin Eisarsch des Jahres (und kalt ist mir jetzt \u00fcberhaupt nicht mehr!)<\/p>\n<p>Glutaeus maximus von Gudrun Wolfgang (alias Eisarsch)<\/p>\n","protected":false},"excerpt":{"rendered":"<p>Passend zur Wetterabk\u00fchlung stelle ich einen alten Artikel aus dem Jahr 2002 online. Dieser wurde von Gudrun Wolfgang (jetzt Gudrun B\u00f6hm) &#8211; der Siegerin der erstmals ausgetragenen Eisarsch-Regatta verfasst. Nicht aus dem warmen Auto raus! NEIN! Diese Frau hat einfach kein Mitleid mit mir. Drau\u00dfen hat es Minusgrade, und es ist nebelig, und au\u00dferdem: Wo &#8230; <a title=\"Gedanken eines Eisarsches\" class=\"read-more\" href=\"https:\/\/saf-wien.at\/wpneu\/index.php\/2018\/08\/24\/gedanken-eines-eisarsches\/\" aria-label=\"Mehr Informationen \u00fcber Gedanken eines Eisarsches\">Weiterlesen<\/a><\/p>\n","protected":false},"author":3,"featured_media":930,"comment_status":"open","ping_status":"open","sticky":false,"template":"","format":"standard","meta":{"footnotes":""},"categories":[1],"tags":[],"class_list":["post-940","post","type-post","status-publish","format-standard","has-post-thumbnail","hentry","category-uncategorized"],"_links":{"self":[{"href":"https:\/\/saf-wien.at\/wpneu\/index.php\/wp-json\/wp\/v2\/posts\/940","targetHints":{"allow":["GET"]}}],"collection":[{"href":"https:\/\/saf-wien.at\/wpneu\/index.php\/wp-json\/wp\/v2\/posts"}],"about":[{"href":"https:\/\/saf-wien.at\/wpneu\/index.php\/wp-json\/wp\/v2\/types\/post"}],"author":[{"embeddable":true,"href":"https:\/\/saf-wien.at\/wpneu\/index.php\/wp-json\/wp\/v2\/users\/3"}],"replies":[{"embeddable":true,"href":"https:\/\/saf-wien.at\/wpneu\/index.php\/wp-json\/wp\/v2\/comments?post=940"}],"version-history":[{"count":0,"href":"https:\/\/saf-wien.at\/wpneu\/index.php\/wp-json\/wp\/v2\/posts\/940\/revisions"}],"wp:featuredmedia":[{"embeddable":true,"href":"https:\/\/saf-wien.at\/wpneu\/index.php\/wp-json\/wp\/v2\/posts\/930"}],"wp:attachment":[{"href":"https:\/\/saf-wien.at\/wpneu\/index.php\/wp-json\/wp\/v2\/media?parent=940"}],"wp:term":[{"taxonomy":"category","embeddable":true,"href":"https:\/\/saf-wien.at\/wpneu\/index.php\/wp-json\/wp\/v2\/categories?post=940"},{"taxonomy":"post_tag","embeddable":true,"href":"https:\/\/saf-wien.at\/wpneu\/index.php\/wp-json\/wp\/v2\/tags?post=940"}],"curies":[{"name":"wp","href":"https:\/\/api.w.org\/{rel}","templated":true}]}}