{"id":930,"date":"2018-08-21T18:30:58","date_gmt":"2018-08-21T18:30:58","guid":{"rendered":"https:\/\/saf-wien.at\/wpneu\/index.php\/2018\/08\/21\/vollmondfahrt-im-september-2018\/"},"modified":"2018-08-21T18:30:58","modified_gmt":"2018-08-21T18:30:58","slug":"vollmondfahrt-im-september-2018","status":"publish","type":"post","link":"https:\/\/saf-wien.at\/wpneu\/index.php\/2018\/08\/21\/vollmondfahrt-im-september-2018\/","title":{"rendered":"Vollmondfahrt im September 2018"},"content":{"rendered":"<p>Aufgrund des gro\u00dfen Erfolges im <a href=\"https:\/\/safblog.azurewebsites.net\/vollmondfahrt-so-schon-wars\/\">Mai<\/a> wollen wir im September noch einmal eine Vollmondfahrt anbieten. Wir segeln am Freitag, den 28. September 2018, um 18:00 Uhr vom Club zur U6 Br\u00fccke (etwa eine Strecke von 4,6 km). Dort werden wir gemeinsam zu Abend essen (Pfundner&#8217;s Gastwirtschaft) und anschlie\u00dfend (nach Mondaufgang um 20:39) zur\u00fcck segeln.<\/p>\n<p>Wir sch\u00e4tzen die Fahrzeit pro Strecke auf 1,5 Stunden. Ein Begleitmotorboot ist aus Sicherheitsgr\u00fcnden dabei (und notfalls kann es uns auch zur\u00fcck zum Club schleppen).<\/p>\n<p>Da diese Unternehmung nur bei guten Wetterverh\u00e4ltnissen stattfinden kann, halten wir euch <a href=\"https:\/\/safblog.azurewebsites.net\/vollmondfahrt-im-september-2018\/\">hier<\/a> auf dem Laufenden und geben euch auch die finale Entscheidung sp\u00e4testens am Vorabend bekannt.<\/p>\n<p><strong>Update:<\/strong>Das Lokal hat leider geschlossen. Daher wird <strong>keine Vollmondfahrt durchgef\u00fchrt<\/strong>. <br \/>Das Wetter d\u00fcrfte zwar klar sein, aber leider ist das Ziel abhanden gekommen.<\/p>\n","protected":false},"excerpt":{"rendered":"<p>Aufgrund des gro\u00dfen Erfolges im Mai wollen wir im September noch einmal eine Vollmondfahrt anbieten. Wir segeln am Freitag, den 28. September 2018, um 18:00 Uhr vom Club zur U6 Br\u00fccke (etwa eine Strecke von 4,6 km). Dort werden wir gemeinsam zu Abend essen (Pfundner&#8217;s Gastwirtschaft) und anschlie\u00dfend (nach Mondaufgang um 20:39) zur\u00fcck segeln. Wir &#8230; <a title=\"Vollmondfahrt im September 2018\" class=\"read-more\" href=\"https:\/\/saf-wien.at\/wpneu\/index.php\/2018\/08\/21\/vollmondfahrt-im-september-2018\/\" aria-label=\"Mehr Informationen \u00fcber Vollmondfahrt im September 2018\">Weiterlesen<\/a><\/p>\n","protected":false},"author":3,"featured_media":920,"comment_status":"open","ping_status":"open","sticky":false,"template":"","format":"standard","meta":{"footnotes":""},"categories":[1],"tags":[],"class_list":["post-930","post","type-post","status-publish","format-standard","has-post-thumbnail","hentry","category-uncategorized"],"_links":{"self":[{"href":"https:\/\/saf-wien.at\/wpneu\/index.php\/wp-json\/wp\/v2\/posts\/930","targetHints":{"allow":["GET"]}}],"collection":[{"href":"https:\/\/saf-wien.at\/wpneu\/index.php\/wp-json\/wp\/v2\/posts"}],"about":[{"href":"https:\/\/saf-wien.at\/wpneu\/index.php\/wp-json\/wp\/v2\/types\/post"}],"author":[{"embeddable":true,"href":"https:\/\/saf-wien.at\/wpneu\/index.php\/wp-json\/wp\/v2\/users\/3"}],"replies":[{"embeddable":true,"href":"https:\/\/saf-wien.at\/wpneu\/index.php\/wp-json\/wp\/v2\/comments?post=930"}],"version-history":[{"count":0,"href":"https:\/\/saf-wien.at\/wpneu\/index.php\/wp-json\/wp\/v2\/posts\/930\/revisions"}],"wp:featuredmedia":[{"embeddable":true,"href":"https:\/\/saf-wien.at\/wpneu\/index.php\/wp-json\/wp\/v2\/posts\/920"}],"wp:attachment":[{"href":"https:\/\/saf-wien.at\/wpneu\/index.php\/wp-json\/wp\/v2\/media?parent=930"}],"wp:term":[{"taxonomy":"category","embeddable":true,"href":"https:\/\/saf-wien.at\/wpneu\/index.php\/wp-json\/wp\/v2\/categories?post=930"},{"taxonomy":"post_tag","embeddable":true,"href":"https:\/\/saf-wien.at\/wpneu\/index.php\/wp-json\/wp\/v2\/tags?post=930"}],"curies":[{"name":"wp","href":"https:\/\/api.w.org\/{rel}","templated":true}]}}