{"id":900,"date":"2018-07-16T19:49:20","date_gmt":"2018-07-16T19:49:20","guid":{"rendered":"https:\/\/saf-wien.at\/wpneu\/index.php\/2018\/07\/16\/laser-master-ec-am-wolfgangsee\/"},"modified":"2018-07-16T19:49:20","modified_gmt":"2018-07-16T19:49:20","slug":"laser-master-ec-am-wolfgangsee","status":"publish","type":"post","link":"https:\/\/saf-wien.at\/wpneu\/index.php\/2018\/07\/16\/laser-master-ec-am-wolfgangsee\/","title":{"rendered":"Laser Master EC am Wolfgangsee"},"content":{"rendered":"<p>Letztes Jahr habe ich schon damit begonnen, \u00fcber die sch\u00f6nsten Flecken zu berichten, an denen Segelregatten ausgetragen werden.<\/p>\n<p><img decoding=\"async\" src=\"https:\/\/saf-wien.at\/wpneu\/wp-content\/uploads\/2022\/03\/IMG_20180629_192900853-816x459.jpg\" alt=\"\" \/>Der Wolfgangsee ist auch heuer wieder mit dabei in der Liste der sch\u00f6nsten Flecken. Obwohl das Wetter anfangs gar nicht so gut war und uns der Wind am ersten Tag ganz sch\u00f6n im Stich gelassen hat.<\/p>\n<p>Ein Tag Regen ohne Wind, zwei Tage mit Sonne und Wind waren das Ergebnis f\u00fcr die ca 80 Segler, die aus 8 Nationen angereist sind. Drehend, mit vielen L\u00f6chern, eben typischer Wolfgangseewind, wenn sich die NW-Front mit dem Brunnwind um die Vorherrschaft streitet.<\/p>\n<p>Aus dem SAF-Team kommt <a href=\"https:\/\/photos.google.com\/share\/AF1QipOeqeVxUsEpHA7oKg7JIgPdL1lfdheBdOCfMPzaqzkbX7UuDf6VNZbkg-l3RKIKzQ\/photo\/AF1QipNPkABDH4CJDw8QUyHOuGlUDKCUCXasHcziUgvB?key=WjRaa2VXemNzdWwzQVdLTWpzWWphZkJOSzgyNUtB\">Werner<\/a> am Besten mit diesen Bedingungen zurecht. 2 Pl\u00e4tze unter den Top 10 sind eine gerechte Belohnung f\u00fcr diese Leistung.<\/p>\n<p>Und auch Mannschaftsm\u00e4\u00dfig kann das SAF Master Team wieder aufzeigen. Gemeinsam mit dem Union Yacht Club Neusiedlersee, einem der gr\u00f6\u00dften Segelvereine \u00d6sterreichs, kann der SAF die teilnehmerst\u00e4rkste Mannschaft bei dieser Masterschaft stellen.<\/p>\n<p>Hier ein paar Fotos von den Wiener Seglern: <br \/><a href=\"https:\/\/photos.google.com\/share\/AF1QipOeqeVxUsEpHA7oKg7JIgPdL1lfdheBdOCfMPzaqzkbX7UuDf6VNZbkg-l3RKIKzQ\/photo\/AF1QipOsXkjLnht3YypCFYunfr_9v4CilBSZZkf5JVVG?key=WjRaa2VXemNzdWwzQVdLTWpzWWphZkJOSzgyNUtB\">Werner<\/a>,<a href=\"https:\/\/photos.google.com\/share\/AF1QipOeqeVxUsEpHA7oKg7JIgPdL1lfdheBdOCfMPzaqzkbX7UuDf6VNZbkg-l3RKIKzQ\/photo\/AF1QipMrh9NmuVJQ31sDaIGcuhNTPZZmpN3MOa9twxIQ?key=WjRaa2VXemNzdWwzQVdLTWpzWWphZkJOSzgyNUtB\">Andreas<\/a>,<a href=\"https:\/\/photos.google.com\/share\/AF1QipOeqeVxUsEpHA7oKg7JIgPdL1lfdheBdOCfMPzaqzkbX7UuDf6VNZbkg-l3RKIKzQ\/photo\/AF1QipPBYcF8s0fE12ImAAPz118u2eI15nx6adWBCh-s?key=WjRaa2VXemNzdWwzQVdLTWpzWWphZkJOSzgyNUtB\">Yvonne<\/a> und<a href=\"https:\/\/photos.google.com\/share\/AF1QipOeqeVxUsEpHA7oKg7JIgPdL1lfdheBdOCfMPzaqzkbX7UuDf6VNZbkg-l3RKIKzQ\/photo\/AF1QipNOOltgln8aYk2gt6_b_pQtNKXWCqfq9NPzpiXJ?key=WjRaa2VXemNzdWwzQVdLTWpzWWphZkJOSzgyNUtB\">J\u00f6rg<\/a>.<\/p>\n<p>Alle Fotos dieser Veranstaltung finden Sie <a href=\"https:\/\/photos.app.goo.gl\/YvuMU3dVJ1kGiiA68\">hier<\/a>, hier die vollst\u00e4ndigen Ergebnislisten der <a href=\"http:\/\/uyc-wolfgangsee.at\/images\/pdf\/results\/ergebnisse_laser.pdf\">Laser Standard<\/a> und der <a href=\"http:\/\/uyc-wolfgangsee.at\/images\/pdf\/results\/ergebnisse_laser_radial.pdf\">Laser Radial<\/a>.<\/p>\n","protected":false},"excerpt":{"rendered":"<p>Letztes Jahr habe ich schon damit begonnen, \u00fcber die sch\u00f6nsten Flecken zu berichten, an denen Segelregatten ausgetragen werden. Der Wolfgangsee ist auch heuer wieder mit dabei in der Liste der sch\u00f6nsten Flecken. Obwohl das Wetter anfangs gar nicht so gut war und uns der Wind am ersten Tag ganz sch\u00f6n im Stich gelassen hat. Ein &#8230; <a title=\"Laser Master EC am Wolfgangsee\" class=\"read-more\" href=\"https:\/\/saf-wien.at\/wpneu\/index.php\/2018\/07\/16\/laser-master-ec-am-wolfgangsee\/\" aria-label=\"Mehr Informationen \u00fcber Laser Master EC am Wolfgangsee\">Weiterlesen<\/a><\/p>\n","protected":false},"author":1,"featured_media":890,"comment_status":"open","ping_status":"open","sticky":false,"template":"","format":"standard","meta":{"footnotes":""},"categories":[1],"tags":[],"class_list":["post-900","post","type-post","status-publish","format-standard","has-post-thumbnail","hentry","category-uncategorized"],"_links":{"self":[{"href":"https:\/\/saf-wien.at\/wpneu\/index.php\/wp-json\/wp\/v2\/posts\/900","targetHints":{"allow":["GET"]}}],"collection":[{"href":"https:\/\/saf-wien.at\/wpneu\/index.php\/wp-json\/wp\/v2\/posts"}],"about":[{"href":"https:\/\/saf-wien.at\/wpneu\/index.php\/wp-json\/wp\/v2\/types\/post"}],"author":[{"embeddable":true,"href":"https:\/\/saf-wien.at\/wpneu\/index.php\/wp-json\/wp\/v2\/users\/1"}],"replies":[{"embeddable":true,"href":"https:\/\/saf-wien.at\/wpneu\/index.php\/wp-json\/wp\/v2\/comments?post=900"}],"version-history":[{"count":0,"href":"https:\/\/saf-wien.at\/wpneu\/index.php\/wp-json\/wp\/v2\/posts\/900\/revisions"}],"wp:featuredmedia":[{"embeddable":true,"href":"https:\/\/saf-wien.at\/wpneu\/index.php\/wp-json\/wp\/v2\/posts\/890"}],"wp:attachment":[{"href":"https:\/\/saf-wien.at\/wpneu\/index.php\/wp-json\/wp\/v2\/media?parent=900"}],"wp:term":[{"taxonomy":"category","embeddable":true,"href":"https:\/\/saf-wien.at\/wpneu\/index.php\/wp-json\/wp\/v2\/categories?post=900"},{"taxonomy":"post_tag","embeddable":true,"href":"https:\/\/saf-wien.at\/wpneu\/index.php\/wp-json\/wp\/v2\/tags?post=900"}],"curies":[{"name":"wp","href":"https:\/\/api.w.org\/{rel}","templated":true}]}}