{"id":880,"date":"2018-06-11T20:04:27","date_gmt":"2018-06-11T20:04:27","guid":{"rendered":"https:\/\/saf-wien.at\/wpneu\/index.php\/2018\/06\/11\/osterreichische-staatsmeisterschaft-der-klasse-pirat-2\/"},"modified":"2018-06-11T20:04:27","modified_gmt":"2018-06-11T20:04:27","slug":"osterreichische-staatsmeisterschaft-der-klasse-pirat-2","status":"publish","type":"post","link":"https:\/\/saf-wien.at\/wpneu\/index.php\/2018\/06\/11\/osterreichische-staatsmeisterschaft-der-klasse-pirat-2\/","title":{"rendered":"\u00d6sterreichische Staatsmeisterschaft der Klasse Pirat"},"content":{"rendered":"<p>Dieses Jahr fanden sich 28 Piraten und 4 Piratinnen in Ebensee ein. 17 davon kamen aus dem Ausland. Die internationale Beteiligung war somit sehr hoch (9 Boote kamen nicht aus \u00d6sterreich). <br \/><img decoding=\"async\" src=\"https:\/\/saf-wien.at\/wpneu\/wp-content\/uploads\/2022\/03\/DSCN0955-1.jpg\" alt=\"Flaggenmast\" \/>Leider gab es in den 3 Tagen nur an einem davon wirklich Wind. Daher konnten nur 3 Wettfahrten zu Ende gesegelt werden und es wurde kein neuer Staatsmeister gek\u00fcrt. Die sch\u00f6ne Kulisse tr\u00f6stete uns ein wenig. <br \/><img decoding=\"async\" src=\"https:\/\/saf-wien.at\/wpneu\/wp-content\/uploads\/2022\/03\/DSCN0967.jpg\" alt=\"Traunstein mit Booten\" \/>Das Wetter war aber warm und bis auf einen starken Regenguss blieb es trocken. <br \/><img decoding=\"async\" src=\"https:\/\/saf-wien.at\/wpneu\/wp-content\/uploads\/2022\/03\/DSCN0971.jpg\" alt=\"\" \/>Das beste \u00f6sterreichische Team (Andreas Decker mit Gilhofer Andreas) landete auf Platz 2. Das Ergebnis ist <a href=\"http:\/\/www.scebensee.at\/uploads\/tx_sceregatta\/Pirat_IOEM.pdf\">hier<\/a><\/p>\n","protected":false},"excerpt":{"rendered":"<p>Dieses Jahr fanden sich 28 Piraten und 4 Piratinnen in Ebensee ein. 17 davon kamen aus dem Ausland. Die internationale Beteiligung war somit sehr hoch (9 Boote kamen nicht aus \u00d6sterreich). Leider gab es in den 3 Tagen nur an einem davon wirklich Wind. Daher konnten nur 3 Wettfahrten zu Ende gesegelt werden und es &#8230; <a title=\"\u00d6sterreichische Staatsmeisterschaft der Klasse Pirat\" class=\"read-more\" href=\"https:\/\/saf-wien.at\/wpneu\/index.php\/2018\/06\/11\/osterreichische-staatsmeisterschaft-der-klasse-pirat-2\/\" aria-label=\"Mehr Informationen \u00fcber \u00d6sterreichische Staatsmeisterschaft der Klasse Pirat\">Weiterlesen<\/a><\/p>\n","protected":false},"author":3,"featured_media":870,"comment_status":"open","ping_status":"open","sticky":false,"template":"","format":"standard","meta":{"footnotes":""},"categories":[1],"tags":[],"class_list":["post-880","post","type-post","status-publish","format-standard","has-post-thumbnail","hentry","category-uncategorized"],"_links":{"self":[{"href":"https:\/\/saf-wien.at\/wpneu\/index.php\/wp-json\/wp\/v2\/posts\/880","targetHints":{"allow":["GET"]}}],"collection":[{"href":"https:\/\/saf-wien.at\/wpneu\/index.php\/wp-json\/wp\/v2\/posts"}],"about":[{"href":"https:\/\/saf-wien.at\/wpneu\/index.php\/wp-json\/wp\/v2\/types\/post"}],"author":[{"embeddable":true,"href":"https:\/\/saf-wien.at\/wpneu\/index.php\/wp-json\/wp\/v2\/users\/3"}],"replies":[{"embeddable":true,"href":"https:\/\/saf-wien.at\/wpneu\/index.php\/wp-json\/wp\/v2\/comments?post=880"}],"version-history":[{"count":0,"href":"https:\/\/saf-wien.at\/wpneu\/index.php\/wp-json\/wp\/v2\/posts\/880\/revisions"}],"wp:featuredmedia":[{"embeddable":true,"href":"https:\/\/saf-wien.at\/wpneu\/index.php\/wp-json\/wp\/v2\/posts\/870"}],"wp:attachment":[{"href":"https:\/\/saf-wien.at\/wpneu\/index.php\/wp-json\/wp\/v2\/media?parent=880"}],"wp:term":[{"taxonomy":"category","embeddable":true,"href":"https:\/\/saf-wien.at\/wpneu\/index.php\/wp-json\/wp\/v2\/categories?post=880"},{"taxonomy":"post_tag","embeddable":true,"href":"https:\/\/saf-wien.at\/wpneu\/index.php\/wp-json\/wp\/v2\/tags?post=880"}],"curies":[{"name":"wp","href":"https:\/\/api.w.org\/{rel}","templated":true}]}}