{"id":870,"date":"2018-06-10T19:24:19","date_gmt":"2018-06-10T19:24:19","guid":{"rendered":"https:\/\/saf-wien.at\/wpneu\/index.php\/2018\/06\/10\/uber-den-fluss-und-in-die-walder\/"},"modified":"2018-06-10T19:24:19","modified_gmt":"2018-06-10T19:24:19","slug":"uber-den-fluss-und-in-die-walder","status":"publish","type":"post","link":"https:\/\/saf-wien.at\/wpneu\/index.php\/2018\/06\/10\/uber-den-fluss-und-in-die-walder\/","title":{"rendered":"\u00dcber den Fluss und in die W\u00e4lder &#8230;"},"content":{"rendered":"<p>&#8230; h\u00e4tte Ernest Hemingway gesagt. Segeln im Strom,  sagen wir.<\/p>\n<p><img decoding=\"async\" src=\"https:\/\/saf-wien.at\/wpneu\/wp-content\/uploads\/2022\/03\/DSCN8447-1152x864.jpg\" alt=\"\" \/>Der <a href=\"http:\/\/www.tsc-muckendorf.at\">Tullenrfelder Segelclub<\/a> hatte geladen, zur allj\u00e4hrlichen Donaupokal-Regatta, und trotz einiger Absagen konnten wir doch ein kleines, aber feines Laser-Team von 2 Laser Standard und 3 Radials entsenden. Unterst\u00fctzt von 2 Radials unseres Nachbarclubs waren das dann 7 Segler aus Wien, fast ein Drittel des Feldes.<\/p>\n<p><img decoding=\"async\" src=\"https:\/\/saf-wien.at\/wpneu\/wp-content\/uploads\/2022\/03\/DSCN8454-1152x864.jpg\" alt=\"\" \/>Segeln gegen den Strom ist schwer, starten mit dem Strom aber noch schwerer. Denn wenn auch die Str\u00f6mung kaum sichtbar ist, die 2000 Kubikmeter pro Sekunde, die da durchflie\u00dfen (da sind 2000 Tonnen pro Sekunde) dr\u00fccken m\u00e4chtig an. Und ist man zu nahe an der Startlinie (wie man sonst \u00fcblicherweise startet) ist der Fr\u00fchstart (oder das OCS, wie es im Racing-Englisch hei\u00dft) schneller da als man glauben m\u00f6chte. Auf 8 Fr\u00fchstarts haben es allein die Wiener Segler in 3 Wettfahrten gebracht.<\/p>\n<p><img decoding=\"async\" src=\"https:\/\/saf-wien.at\/wpneu\/wp-content\/uploads\/2022\/03\/DSCN8436-1152x864.jpg\" alt=\"\" \/>Die SAF Youngsters Philipp und Anastasia haben sich aber wieder einmal pr\u00e4chtig geschlagen. Immer vorne mit dabei konnten sie oft ihr Ergebnis nur wegen eines Fr\u00fchstarts nicht ins Ziel bringen.<\/p>\n","protected":false},"excerpt":{"rendered":"<p>&#8230; h\u00e4tte Ernest Hemingway gesagt. Segeln im Strom, sagen wir. Der Tullenrfelder Segelclub hatte geladen, zur allj\u00e4hrlichen Donaupokal-Regatta, und trotz einiger Absagen konnten wir doch ein kleines, aber feines Laser-Team von 2 Laser Standard und 3 Radials entsenden. Unterst\u00fctzt von 2 Radials unseres Nachbarclubs waren das dann 7 Segler aus Wien, fast ein Drittel des &#8230; <a title=\"\u00dcber den Fluss und in die W\u00e4lder &#8230;\" class=\"read-more\" href=\"https:\/\/saf-wien.at\/wpneu\/index.php\/2018\/06\/10\/uber-den-fluss-und-in-die-walder\/\" aria-label=\"Mehr Informationen \u00fcber \u00dcber den Fluss und in die W\u00e4lder &#8230;\">Weiterlesen<\/a><\/p>\n","protected":false},"author":1,"featured_media":860,"comment_status":"open","ping_status":"open","sticky":false,"template":"","format":"standard","meta":{"footnotes":""},"categories":[1],"tags":[],"class_list":["post-870","post","type-post","status-publish","format-standard","has-post-thumbnail","hentry","category-uncategorized"],"_links":{"self":[{"href":"https:\/\/saf-wien.at\/wpneu\/index.php\/wp-json\/wp\/v2\/posts\/870","targetHints":{"allow":["GET"]}}],"collection":[{"href":"https:\/\/saf-wien.at\/wpneu\/index.php\/wp-json\/wp\/v2\/posts"}],"about":[{"href":"https:\/\/saf-wien.at\/wpneu\/index.php\/wp-json\/wp\/v2\/types\/post"}],"author":[{"embeddable":true,"href":"https:\/\/saf-wien.at\/wpneu\/index.php\/wp-json\/wp\/v2\/users\/1"}],"replies":[{"embeddable":true,"href":"https:\/\/saf-wien.at\/wpneu\/index.php\/wp-json\/wp\/v2\/comments?post=870"}],"version-history":[{"count":0,"href":"https:\/\/saf-wien.at\/wpneu\/index.php\/wp-json\/wp\/v2\/posts\/870\/revisions"}],"wp:featuredmedia":[{"embeddable":true,"href":"https:\/\/saf-wien.at\/wpneu\/index.php\/wp-json\/wp\/v2\/posts\/860"}],"wp:attachment":[{"href":"https:\/\/saf-wien.at\/wpneu\/index.php\/wp-json\/wp\/v2\/media?parent=870"}],"wp:term":[{"taxonomy":"category","embeddable":true,"href":"https:\/\/saf-wien.at\/wpneu\/index.php\/wp-json\/wp\/v2\/categories?post=870"},{"taxonomy":"post_tag","embeddable":true,"href":"https:\/\/saf-wien.at\/wpneu\/index.php\/wp-json\/wp\/v2\/tags?post=870"}],"curies":[{"name":"wp","href":"https:\/\/api.w.org\/{rel}","templated":true}]}}