{"id":860,"date":"2018-06-05T11:47:48","date_gmt":"2018-06-05T11:47:48","guid":{"rendered":"https:\/\/saf-wien.at\/wpneu\/index.php\/2018\/06\/05\/laser-training-am-attersee\/"},"modified":"2018-06-05T11:47:48","modified_gmt":"2018-06-05T11:47:48","slug":"laser-training-am-attersee","status":"publish","type":"post","link":"https:\/\/saf-wien.at\/wpneu\/index.php\/2018\/06\/05\/laser-training-am-attersee\/","title":{"rendered":"Laser Training am Attersee"},"content":{"rendered":"<p>Lang ist&#8217;s her. Ein Training am Gardasee. Mein Freund Alex ist auch dort. Denn dort, in Arco Lido, weht jeden Morgen ein kr\u00e4ftiger Wind aus Norden, der Vento. Au\u00dfer eben an jenem Tag. Alex hat sein Boot schon aufgebaut und schaut auf den windlosen See. Dorthin, wo sich normalerweise die Windsurfer tummeln und sich die Schaumkronen brechen. Zwei italienische Laser-Segler sitzen auch dort und unterhalten sich. Auf italienisch. Alex kann nur ein Wort verstehen. Atterseewind.<\/p>\n<p><img decoding=\"async\" src=\"https:\/\/saf-wien.at\/wpneu\/wp-content\/uploads\/2022\/03\/IMG_20180602_132218163-816x459.jpg\" alt=\"\" \/>Der Attersee ist weit und breit bekannt. F\u00fcr sein wundersch\u00f6nes t\u00fcrkises Wasser, dem schon der Maler Ludwig Attersee in seinen Bildern ein Denkmal gesetzt hat. Und f\u00fcr den Rosenwind, ein mitunter recht kr\u00e4ftiger, gleichm\u00e4\u00dfiger Wind aus Nordosten, der das Herz der Surfer und Segler erfreut. Der aber auch sehr launisch sein kann und sich bei Veranstaltungen oft versteckt. \u00dcber allen Wipfeln ist dann Ruh, w\u00fcrde Goethe sagen. Oder eben Atterseewind, wenn man die Italiener fragt.<\/p>\n<p><img decoding=\"async\" src=\"https:\/\/saf-wien.at\/wpneu\/wp-content\/uploads\/2022\/03\/IMG_20180603_131406242-816x459.jpg\" alt=\"\" \/>4 Tage Training am Attersee. Viel Jugend und ein paar alte, \u00e4h Master nat\u00fcrlich. Und nat\u00fcrlich kein Rosenwind. So ein Training ist ja schlie\u00dflich auch eine Veranstaltung. Aber ein bisschen mehr als Atterseewind, an 3 Tagen konnte sogar gesegelt werden. Starttraining stand am Programm. Dazwischen ein Konditionszirkel und Volleyball.<\/p>\n<p><img decoding=\"async\" src=\"https:\/\/saf-wien.at\/wpneu\/wp-content\/uploads\/2022\/03\/Resized_20180603_130023_5154_2-432x576-1.jpg\" alt=\"\" \/>Und eine Bootstaufe. Aber wer ist jetzt diese (Geier) Walli, Namenspatronin f\u00fcr den Walligator? <\/p>\n","protected":false},"excerpt":{"rendered":"<p>Lang ist&#8217;s her. Ein Training am Gardasee. Mein Freund Alex ist auch dort. Denn dort, in Arco Lido, weht jeden Morgen ein kr\u00e4ftiger Wind aus Norden, der Vento. Au\u00dfer eben an jenem Tag. Alex hat sein Boot schon aufgebaut und schaut auf den windlosen See. Dorthin, wo sich normalerweise die Windsurfer tummeln und sich die &#8230; <a title=\"Laser Training am Attersee\" class=\"read-more\" href=\"https:\/\/saf-wien.at\/wpneu\/index.php\/2018\/06\/05\/laser-training-am-attersee\/\" aria-label=\"Mehr Informationen \u00fcber Laser Training am Attersee\">Weiterlesen<\/a><\/p>\n","protected":false},"author":1,"featured_media":850,"comment_status":"open","ping_status":"open","sticky":false,"template":"","format":"standard","meta":{"footnotes":""},"categories":[1],"tags":[],"class_list":["post-860","post","type-post","status-publish","format-standard","has-post-thumbnail","hentry","category-uncategorized"],"_links":{"self":[{"href":"https:\/\/saf-wien.at\/wpneu\/index.php\/wp-json\/wp\/v2\/posts\/860","targetHints":{"allow":["GET"]}}],"collection":[{"href":"https:\/\/saf-wien.at\/wpneu\/index.php\/wp-json\/wp\/v2\/posts"}],"about":[{"href":"https:\/\/saf-wien.at\/wpneu\/index.php\/wp-json\/wp\/v2\/types\/post"}],"author":[{"embeddable":true,"href":"https:\/\/saf-wien.at\/wpneu\/index.php\/wp-json\/wp\/v2\/users\/1"}],"replies":[{"embeddable":true,"href":"https:\/\/saf-wien.at\/wpneu\/index.php\/wp-json\/wp\/v2\/comments?post=860"}],"version-history":[{"count":0,"href":"https:\/\/saf-wien.at\/wpneu\/index.php\/wp-json\/wp\/v2\/posts\/860\/revisions"}],"wp:featuredmedia":[{"embeddable":true,"href":"https:\/\/saf-wien.at\/wpneu\/index.php\/wp-json\/wp\/v2\/posts\/850"}],"wp:attachment":[{"href":"https:\/\/saf-wien.at\/wpneu\/index.php\/wp-json\/wp\/v2\/media?parent=860"}],"wp:term":[{"taxonomy":"category","embeddable":true,"href":"https:\/\/saf-wien.at\/wpneu\/index.php\/wp-json\/wp\/v2\/categories?post=860"},{"taxonomy":"post_tag","embeddable":true,"href":"https:\/\/saf-wien.at\/wpneu\/index.php\/wp-json\/wp\/v2\/tags?post=860"}],"curies":[{"name":"wp","href":"https:\/\/api.w.org\/{rel}","templated":true}]}}