{"id":850,"date":"2018-05-29T20:28:11","date_gmt":"2018-05-29T20:28:11","guid":{"rendered":"https:\/\/saf-wien.at\/wpneu\/index.php\/2018\/05\/29\/vollmondfahrt-so-schon-wars\/"},"modified":"2018-05-29T20:28:11","modified_gmt":"2018-05-29T20:28:11","slug":"vollmondfahrt-so-schon-wars","status":"publish","type":"post","link":"https:\/\/saf-wien.at\/wpneu\/index.php\/2018\/05\/29\/vollmondfahrt-so-schon-wars\/","title":{"rendered":"Vollmondfahrt &#8211; so sch\u00f6n war&#8217;s!"},"content":{"rendered":"<p>Das Wetter war uns gn\u00e4dig und unsere Vollmondfahrt fand am 28. Mai 2018 bei idealen Bedingungen statt. Bei konstantem, leichtem Wind und klarem Himmel haben wir nach knapp 2,5 Stunden die Copa Cagrana erreicht.<\/p>\n<p><img decoding=\"async\" src=\"https:\/\/saf-wien.at\/wpneu\/wp-content\/uploads\/2022\/03\/Vollmond-1.png\" alt=\"3 Segelboote bei Vollmond auf der neuen Donau vor der Donauplatte\" \/><\/p>\n<p>Es waren 9 Segelboote am Wasser. Darunter waren auch Segler von unserem Nachbarverein SC AMS. Beim Griechen auf der Copa Cagrana gab es dann f\u00fcr alle Teilnehmer ein Abendessen.<\/p>\n<p><img decoding=\"async\" src=\"https:\/\/saf-wien.at\/wpneu\/wp-content\/uploads\/2022\/03\/Reisegruppe.png\" alt=\"Reisegruppe der Vollmondfahrt\" \/><\/p>\n<p>Der Wind hat bis kurz nach Beginn der R\u00fcckfahrt durchgehalten. Zum Gl\u00fcck waren zwei Motorboote dabei, welche f\u00fcr einen eisernen Wind gesorgt haben. Kurz vor 1:00 Uhr haben wir dann wieder unseren Steg erreicht.<\/p>\n","protected":false},"excerpt":{"rendered":"<p>Das Wetter war uns gn\u00e4dig und unsere Vollmondfahrt fand am 28. Mai 2018 bei idealen Bedingungen statt. Bei konstantem, leichtem Wind und klarem Himmel haben wir nach knapp 2,5 Stunden die Copa Cagrana erreicht. Es waren 9 Segelboote am Wasser. Darunter waren auch Segler von unserem Nachbarverein SC AMS. Beim Griechen auf der Copa Cagrana &#8230; <a title=\"Vollmondfahrt &#8211; so sch\u00f6n war&#8217;s!\" class=\"read-more\" href=\"https:\/\/saf-wien.at\/wpneu\/index.php\/2018\/05\/29\/vollmondfahrt-so-schon-wars\/\" aria-label=\"Mehr Informationen \u00fcber Vollmondfahrt &#8211; so sch\u00f6n war&#8217;s!\">Weiterlesen<\/a><\/p>\n","protected":false},"author":3,"featured_media":840,"comment_status":"open","ping_status":"open","sticky":false,"template":"","format":"standard","meta":{"footnotes":""},"categories":[1],"tags":[],"class_list":["post-850","post","type-post","status-publish","format-standard","has-post-thumbnail","hentry","category-uncategorized"],"_links":{"self":[{"href":"https:\/\/saf-wien.at\/wpneu\/index.php\/wp-json\/wp\/v2\/posts\/850","targetHints":{"allow":["GET"]}}],"collection":[{"href":"https:\/\/saf-wien.at\/wpneu\/index.php\/wp-json\/wp\/v2\/posts"}],"about":[{"href":"https:\/\/saf-wien.at\/wpneu\/index.php\/wp-json\/wp\/v2\/types\/post"}],"author":[{"embeddable":true,"href":"https:\/\/saf-wien.at\/wpneu\/index.php\/wp-json\/wp\/v2\/users\/3"}],"replies":[{"embeddable":true,"href":"https:\/\/saf-wien.at\/wpneu\/index.php\/wp-json\/wp\/v2\/comments?post=850"}],"version-history":[{"count":0,"href":"https:\/\/saf-wien.at\/wpneu\/index.php\/wp-json\/wp\/v2\/posts\/850\/revisions"}],"wp:featuredmedia":[{"embeddable":true,"href":"https:\/\/saf-wien.at\/wpneu\/index.php\/wp-json\/wp\/v2\/posts\/840"}],"wp:attachment":[{"href":"https:\/\/saf-wien.at\/wpneu\/index.php\/wp-json\/wp\/v2\/media?parent=850"}],"wp:term":[{"taxonomy":"category","embeddable":true,"href":"https:\/\/saf-wien.at\/wpneu\/index.php\/wp-json\/wp\/v2\/categories?post=850"},{"taxonomy":"post_tag","embeddable":true,"href":"https:\/\/saf-wien.at\/wpneu\/index.php\/wp-json\/wp\/v2\/tags?post=850"}],"curies":[{"name":"wp","href":"https:\/\/api.w.org\/{rel}","templated":true}]}}