{"id":840,"date":"2018-05-21T19:20:09","date_gmt":"2018-05-21T19:20:09","guid":{"rendered":"https:\/\/saf-wien.at\/wpneu\/index.php\/2018\/05\/21\/spring-cup-in-neusiedl\/"},"modified":"2018-05-21T19:20:09","modified_gmt":"2018-05-21T19:20:09","slug":"spring-cup-in-neusiedl","status":"publish","type":"post","link":"https:\/\/saf-wien.at\/wpneu\/index.php\/2018\/05\/21\/spring-cup-in-neusiedl\/","title":{"rendered":"Spring Cup in Neusiedl"},"content":{"rendered":"<p>Der Spring Cup ist immer ein Synonym f\u00fcr Wind. Viel Wind. Wenn man sich hier meldet, wei\u00df man, was einem bevorsteht. Der Kampf mit den Elementen, fliegendes Wasser und hie und da (oder auch \u00f6fter) mal ein ungeplanter Badegang. Heuer war es etwas anders. War der Samstag mit B\u00f6en um die 15 kn noch ein wenig Spring-Cup like, erinnerten die beiden n\u00e4chsten Tage eher an den Chiemsee, den W\u00f6rthsee oder, um in \u00d6sterreich zu bleiben, an den Mondsee. Eben windlos.<\/p>\n<p><img decoding=\"async\" src=\"https:\/\/saf-wien.at\/wpneu\/wp-content\/uploads\/2022\/03\/webacc-5.jpg\" alt=\"\" \/>Schaffen am Sonntag die Optimisten und Zoom8 je eine Wettfahrt w\u00e4hrend die Laser leer ausgehen, dreht sich das Spiel am Montag um, die Laser und Laser Radial k\u00f6nnen je eine Wettfahrt beenden, Zoom8 und Optis schaffen diesmal keinen Start.<\/p>\n<p><img decoding=\"async\" src=\"https:\/\/saf-wien.at\/wpneu\/wp-content\/uploads\/2022\/03\/5B008593-FFG-DOM1-FFG-PO1-200-20000B0-1-7D35F-1@45_5B008593-FFG-DOM1-FFG-PO1-100-1736E65-1-380C9-1@1_7-FFG-DOM1-FFG-PO1-100-0-1-0.jpg\" alt=\"\" \/>Das SAF Segelteam ist immer ein Synonym f\u00fcr Laser, oder genauer Laser Master. Heuer war auch das anders. W\u00e4hrend die Laser Master schw\u00e4cheln und mit Much und J\u00f6rg nur 2 Alte die Reise an den Neusiedlersee antraten, zeigen die Jungen diesmal auf. Und das nicht &#8222;nur&#8220; im Laser. Ist mit Clemens ein Laser Youngster mit dabei, erg\u00e4nzen Anastasia in der Zoom8 und Noah im Optimisten das SAF-Team. <\/p>\n<p><img decoding=\"async\" src=\"https:\/\/saf-wien.at\/wpneu\/wp-content\/uploads\/2022\/03\/webacc-6-1.jpg\" alt=\"\" \/>Mit beachtenswertem Erfolg. Clemens und Anastasia, die sich beide mit dem Leichtwind so \u00fcberhaupt nicht anfreunden k\u00f6nnen, schaffen beide genau unter diesen Bedingungen ihre beste Wettfahrten. Clemens erreicht gesamt den 5. Platz, Anastasis gelingt mit einem 3. Platz sogar den Sprung aufs Stockerl. Die SAF-Jugend wird immer besser. Und das freut auch die alten.<\/p>\n<p>Fotos vom Spring-Cup finden Sie <a href=\"https:\/\/www.facebook.com\/pg\/UYC-Neusiedlersee-233525713428657\/photos\/?tab=album&amp;album_id=1706485862799294\">hier<\/a>, und hier die Ergebnislisten <a href=\"https:\/\/regatta365.com\/stream\/results\/file\/2932.pdf\/name\/Spring%20CupErgebnisse_Optimist.pdf\">Optimist<\/a>, <a href=\"https:\/\/regatta365.com\/stream\/results\/file\/2937.pdf\/name\/Spring%20CupErgebnisse_Zoom%208.pdf\">Zoom8<\/a>, <a href=\"https:\/\/regatta365.com\/stream\/results\/file\/2934.pdf\/name\/Spring%20CupErgebnisse_Laser.pdf\">Laser<\/a> und <a href=\"https:\/\/regatta365.com\/stream\/results\/file\/2935.pdf\/name\/Spring%20CupErgebnisse_Laser%20Radial.pdf\">Laser Radial<\/a>.<\/p>\n<p>Aktuelle Bilder und Berichte finden Sie auch auf der <a href=\"https:\/\/www.facebook.com\/SAFWien\/\">SAF Facebook Seite<\/a> und auf der Facebook Seite von <a href=\"https:\/\/www.facebook.com\/search\/top\/?q=sailor%20on%20tour\">Anastasia<\/a>.<\/p>\n","protected":false},"excerpt":{"rendered":"<p>Der Spring Cup ist immer ein Synonym f\u00fcr Wind. Viel Wind. Wenn man sich hier meldet, wei\u00df man, was einem bevorsteht. Der Kampf mit den Elementen, fliegendes Wasser und hie und da (oder auch \u00f6fter) mal ein ungeplanter Badegang. Heuer war es etwas anders. War der Samstag mit B\u00f6en um die 15 kn noch ein &#8230; <a title=\"Spring Cup in Neusiedl\" class=\"read-more\" href=\"https:\/\/saf-wien.at\/wpneu\/index.php\/2018\/05\/21\/spring-cup-in-neusiedl\/\" aria-label=\"Mehr Informationen \u00fcber Spring Cup in Neusiedl\">Weiterlesen<\/a><\/p>\n","protected":false},"author":1,"featured_media":830,"comment_status":"open","ping_status":"open","sticky":false,"template":"","format":"standard","meta":{"footnotes":""},"categories":[1],"tags":[],"class_list":["post-840","post","type-post","status-publish","format-standard","has-post-thumbnail","hentry","category-uncategorized"],"_links":{"self":[{"href":"https:\/\/saf-wien.at\/wpneu\/index.php\/wp-json\/wp\/v2\/posts\/840","targetHints":{"allow":["GET"]}}],"collection":[{"href":"https:\/\/saf-wien.at\/wpneu\/index.php\/wp-json\/wp\/v2\/posts"}],"about":[{"href":"https:\/\/saf-wien.at\/wpneu\/index.php\/wp-json\/wp\/v2\/types\/post"}],"author":[{"embeddable":true,"href":"https:\/\/saf-wien.at\/wpneu\/index.php\/wp-json\/wp\/v2\/users\/1"}],"replies":[{"embeddable":true,"href":"https:\/\/saf-wien.at\/wpneu\/index.php\/wp-json\/wp\/v2\/comments?post=840"}],"version-history":[{"count":0,"href":"https:\/\/saf-wien.at\/wpneu\/index.php\/wp-json\/wp\/v2\/posts\/840\/revisions"}],"wp:featuredmedia":[{"embeddable":true,"href":"https:\/\/saf-wien.at\/wpneu\/index.php\/wp-json\/wp\/v2\/posts\/830"}],"wp:attachment":[{"href":"https:\/\/saf-wien.at\/wpneu\/index.php\/wp-json\/wp\/v2\/media?parent=840"}],"wp:term":[{"taxonomy":"category","embeddable":true,"href":"https:\/\/saf-wien.at\/wpneu\/index.php\/wp-json\/wp\/v2\/categories?post=840"},{"taxonomy":"post_tag","embeddable":true,"href":"https:\/\/saf-wien.at\/wpneu\/index.php\/wp-json\/wp\/v2\/tags?post=840"}],"curies":[{"name":"wp","href":"https:\/\/api.w.org\/{rel}","templated":true}]}}