{"id":810,"date":"2018-05-08T06:53:49","date_gmt":"2018-05-08T06:53:49","guid":{"rendered":"https:\/\/saf-wien.at\/wpneu\/index.php\/2018\/05\/08\/landesmeisterschaft-von-wien-in-der-klasse-pirat\/"},"modified":"2018-05-08T06:53:49","modified_gmt":"2018-05-08T06:53:49","slug":"landesmeisterschaft-von-wien-in-der-klasse-pirat","status":"publish","type":"post","link":"https:\/\/saf-wien.at\/wpneu\/index.php\/2018\/05\/08\/landesmeisterschaft-von-wien-in-der-klasse-pirat\/","title":{"rendered":"Landesmeisterschaft von Wien in der Klasse Pirat"},"content":{"rendered":"<p>Vergangenes Wochenende (5.\/6. Mai) wurde im Zuge der Franky Berger Regatta sowohl die Landesmeisterschaft von Wien in der Klasse Pirat als auch die Unions-Meisterschaft ausgetragen. <br \/>Insgesammt kamen 8 Teams zu dieser Regatta auf der Alten Donau. F\u00fcr den SAF mit dabei war Albert mit Dieter (AUT 52). <br \/><img decoding=\"async\" src=\"https:\/\/saf-wien.at\/wpneu\/wp-content\/uploads\/2022\/03\/f-r-Blog-Eintrag-DSCN0841.jpg\" alt=\"\" \/><\/p>\n<p>Der Wind war typisch (drehend und b\u00f6ig) f\u00fcr die Alte Donau. Leider war auch das Wachstum der Wasserpflanzen (auf Grund des sonnigen und warmen Wetters im April) so weit fortgeschritten, dass es beim Segeln behinderte. O-Ton eines Steuermanns zu seinem Vorschoter: &#8222;K\u00fcmmere dich ums Schwert &#8211; das ist wichtiger als die Fock!&#8220; <br \/>Das Team Manuela und Matthias Reiter wurden Landesmeister von Wien &#8211; sie waren klar \u00fcberlegen. <br \/>Die Ergebnisliste ist <a href=\"http:\/\/www.ycs.at\/regatten\/2018\/2018_Ergebnis_Franky-Regatta.htm\">hier<\/a> zu finden.<\/p>\n","protected":false},"excerpt":{"rendered":"<p>Vergangenes Wochenende (5.\/6. Mai) wurde im Zuge der Franky Berger Regatta sowohl die Landesmeisterschaft von Wien in der Klasse Pirat als auch die Unions-Meisterschaft ausgetragen. Insgesammt kamen 8 Teams zu dieser Regatta auf der Alten Donau. F\u00fcr den SAF mit dabei war Albert mit Dieter (AUT 52). Der Wind war typisch (drehend und b\u00f6ig) f\u00fcr &#8230; <a title=\"Landesmeisterschaft von Wien in der Klasse Pirat\" class=\"read-more\" href=\"https:\/\/saf-wien.at\/wpneu\/index.php\/2018\/05\/08\/landesmeisterschaft-von-wien-in-der-klasse-pirat\/\" aria-label=\"Mehr Informationen \u00fcber Landesmeisterschaft von Wien in der Klasse Pirat\">Weiterlesen<\/a><\/p>\n","protected":false},"author":3,"featured_media":800,"comment_status":"open","ping_status":"open","sticky":false,"template":"","format":"standard","meta":{"footnotes":""},"categories":[1],"tags":[],"class_list":["post-810","post","type-post","status-publish","format-standard","has-post-thumbnail","hentry","category-uncategorized"],"_links":{"self":[{"href":"https:\/\/saf-wien.at\/wpneu\/index.php\/wp-json\/wp\/v2\/posts\/810","targetHints":{"allow":["GET"]}}],"collection":[{"href":"https:\/\/saf-wien.at\/wpneu\/index.php\/wp-json\/wp\/v2\/posts"}],"about":[{"href":"https:\/\/saf-wien.at\/wpneu\/index.php\/wp-json\/wp\/v2\/types\/post"}],"author":[{"embeddable":true,"href":"https:\/\/saf-wien.at\/wpneu\/index.php\/wp-json\/wp\/v2\/users\/3"}],"replies":[{"embeddable":true,"href":"https:\/\/saf-wien.at\/wpneu\/index.php\/wp-json\/wp\/v2\/comments?post=810"}],"version-history":[{"count":0,"href":"https:\/\/saf-wien.at\/wpneu\/index.php\/wp-json\/wp\/v2\/posts\/810\/revisions"}],"wp:featuredmedia":[{"embeddable":true,"href":"https:\/\/saf-wien.at\/wpneu\/index.php\/wp-json\/wp\/v2\/posts\/800"}],"wp:attachment":[{"href":"https:\/\/saf-wien.at\/wpneu\/index.php\/wp-json\/wp\/v2\/media?parent=810"}],"wp:term":[{"taxonomy":"category","embeddable":true,"href":"https:\/\/saf-wien.at\/wpneu\/index.php\/wp-json\/wp\/v2\/categories?post=810"},{"taxonomy":"post_tag","embeddable":true,"href":"https:\/\/saf-wien.at\/wpneu\/index.php\/wp-json\/wp\/v2\/tags?post=810"}],"curies":[{"name":"wp","href":"https:\/\/api.w.org\/{rel}","templated":true}]}}