{"id":800,"date":"2018-04-30T20:50:57","date_gmt":"2018-04-30T20:50:57","guid":{"rendered":"https:\/\/saf-wien.at\/wpneu\/index.php\/2018\/04\/30\/montagsregatta-mit-wind\/"},"modified":"2018-04-30T20:50:57","modified_gmt":"2018-04-30T20:50:57","slug":"montagsregatta-mit-wind","status":"publish","type":"post","link":"https:\/\/saf-wien.at\/wpneu\/index.php\/2018\/04\/30\/montagsregatta-mit-wind\/","title":{"rendered":"Montagsregatta mit Wind"},"content":{"rendered":"<p>Heute gab es endlich mal genug Wind um ein Wettfahrt zur Vereinsmeisterschaft durchf\u00fchren zu k\u00f6nnen. Leider war au\u00dfer Andi und Dieter keiner anwesend. So sind wir beide ohne eine Wettfahrt gesegelt und dabei nass geworden. Es gab noch keine st\u00f6renden Wasserpflanzen &#8211; zumindest auf der Wasseroberfl\u00e4che. Dennoch war mein Masttop manchmal gr\u00fcn bzw. schwarz.<\/p>\n","protected":false},"excerpt":{"rendered":"<p>Heute gab es endlich mal genug Wind um ein Wettfahrt zur Vereinsmeisterschaft durchf\u00fchren zu k\u00f6nnen. Leider war au\u00dfer Andi und Dieter keiner anwesend. So sind wir beide ohne eine Wettfahrt gesegelt und dabei nass geworden. Es gab noch keine st\u00f6renden Wasserpflanzen &#8211; zumindest auf der Wasseroberfl\u00e4che. Dennoch war mein Masttop manchmal gr\u00fcn bzw. schwarz.<\/p>\n","protected":false},"author":3,"featured_media":790,"comment_status":"open","ping_status":"open","sticky":false,"template":"","format":"standard","meta":{"footnotes":""},"categories":[1],"tags":[],"class_list":["post-800","post","type-post","status-publish","format-standard","has-post-thumbnail","hentry","category-uncategorized"],"_links":{"self":[{"href":"https:\/\/saf-wien.at\/wpneu\/index.php\/wp-json\/wp\/v2\/posts\/800","targetHints":{"allow":["GET"]}}],"collection":[{"href":"https:\/\/saf-wien.at\/wpneu\/index.php\/wp-json\/wp\/v2\/posts"}],"about":[{"href":"https:\/\/saf-wien.at\/wpneu\/index.php\/wp-json\/wp\/v2\/types\/post"}],"author":[{"embeddable":true,"href":"https:\/\/saf-wien.at\/wpneu\/index.php\/wp-json\/wp\/v2\/users\/3"}],"replies":[{"embeddable":true,"href":"https:\/\/saf-wien.at\/wpneu\/index.php\/wp-json\/wp\/v2\/comments?post=800"}],"version-history":[{"count":0,"href":"https:\/\/saf-wien.at\/wpneu\/index.php\/wp-json\/wp\/v2\/posts\/800\/revisions"}],"wp:featuredmedia":[{"embeddable":true,"href":"https:\/\/saf-wien.at\/wpneu\/index.php\/wp-json\/wp\/v2\/posts\/790"}],"wp:attachment":[{"href":"https:\/\/saf-wien.at\/wpneu\/index.php\/wp-json\/wp\/v2\/media?parent=800"}],"wp:term":[{"taxonomy":"category","embeddable":true,"href":"https:\/\/saf-wien.at\/wpneu\/index.php\/wp-json\/wp\/v2\/categories?post=800"},{"taxonomy":"post_tag","embeddable":true,"href":"https:\/\/saf-wien.at\/wpneu\/index.php\/wp-json\/wp\/v2\/tags?post=800"}],"curies":[{"name":"wp","href":"https:\/\/api.w.org\/{rel}","templated":true}]}}