{"id":780,"date":"2018-04-08T20:43:18","date_gmt":"2018-04-08T20:43:18","guid":{"rendered":"https:\/\/saf-wien.at\/wpneu\/index.php\/2018\/04\/08\/sonntag-nachmittag-auf-der-rinne\/"},"modified":"2018-04-08T20:43:18","modified_gmt":"2018-04-08T20:43:18","slug":"sonntag-nachmittag-auf-der-rinne","status":"publish","type":"post","link":"https:\/\/saf-wien.at\/wpneu\/index.php\/2018\/04\/08\/sonntag-nachmittag-auf-der-rinne\/","title":{"rendered":"Sonntag Nachmittag auf der Rinne &#8230;"},"content":{"rendered":"<p>Die Luft ist warm, das Wasser kalt. Der Wetterdienst hat eine Sturmwarnung herausgegeben, mit B\u00f6en \u00fcber 70 km\/h. Entsprechend ordentlich bl\u00e4st es, mit \u00fcber 25 kn aus S\u00fcdost und entsprechender Welle. Da kommt Clemens in die Garderobe und meint: &#8222;Wir m\u00fcssen uns beeilen. Der Wind wird immer weniger &#8230;&#8220;<\/p>\n<p><img decoding=\"async\" src=\"https:\/\/saf-wien.at\/wpneu\/wp-content\/uploads\/2022\/03\/DSF1175.jpg\" alt=\"\" \/><\/p>\n<p>Mehr Bilder gibts auf Facebook: <a href=\"https:\/\/www.facebook.com\/SAFWien\">https:\/\/www.facebook.com\/SAFWien<\/a>.<\/p>\n","protected":false},"excerpt":{"rendered":"<p>Die Luft ist warm, das Wasser kalt. Der Wetterdienst hat eine Sturmwarnung herausgegeben, mit B\u00f6en \u00fcber 70 km\/h. Entsprechend ordentlich bl\u00e4st es, mit \u00fcber 25 kn aus S\u00fcdost und entsprechender Welle. Da kommt Clemens in die Garderobe und meint: &#8222;Wir m\u00fcssen uns beeilen. Der Wind wird immer weniger &#8230;&#8220; Mehr Bilder gibts auf Facebook: https:\/\/www.facebook.com\/SAFWien.<\/p>\n","protected":false},"author":1,"featured_media":770,"comment_status":"open","ping_status":"open","sticky":false,"template":"","format":"standard","meta":{"footnotes":""},"categories":[1],"tags":[],"class_list":["post-780","post","type-post","status-publish","format-standard","has-post-thumbnail","hentry","category-uncategorized"],"_links":{"self":[{"href":"https:\/\/saf-wien.at\/wpneu\/index.php\/wp-json\/wp\/v2\/posts\/780","targetHints":{"allow":["GET"]}}],"collection":[{"href":"https:\/\/saf-wien.at\/wpneu\/index.php\/wp-json\/wp\/v2\/posts"}],"about":[{"href":"https:\/\/saf-wien.at\/wpneu\/index.php\/wp-json\/wp\/v2\/types\/post"}],"author":[{"embeddable":true,"href":"https:\/\/saf-wien.at\/wpneu\/index.php\/wp-json\/wp\/v2\/users\/1"}],"replies":[{"embeddable":true,"href":"https:\/\/saf-wien.at\/wpneu\/index.php\/wp-json\/wp\/v2\/comments?post=780"}],"version-history":[{"count":0,"href":"https:\/\/saf-wien.at\/wpneu\/index.php\/wp-json\/wp\/v2\/posts\/780\/revisions"}],"wp:featuredmedia":[{"embeddable":true,"href":"https:\/\/saf-wien.at\/wpneu\/index.php\/wp-json\/wp\/v2\/posts\/770"}],"wp:attachment":[{"href":"https:\/\/saf-wien.at\/wpneu\/index.php\/wp-json\/wp\/v2\/media?parent=780"}],"wp:term":[{"taxonomy":"category","embeddable":true,"href":"https:\/\/saf-wien.at\/wpneu\/index.php\/wp-json\/wp\/v2\/categories?post=780"},{"taxonomy":"post_tag","embeddable":true,"href":"https:\/\/saf-wien.at\/wpneu\/index.php\/wp-json\/wp\/v2\/tags?post=780"}],"curies":[{"name":"wp","href":"https:\/\/api.w.org\/{rel}","templated":true}]}}