{"id":770,"date":"2018-04-07T19:22:13","date_gmt":"2018-04-07T19:22:13","guid":{"rendered":"https:\/\/saf-wien.at\/wpneu\/index.php\/2018\/04\/07\/auftakt-in-eine-neue-saison\/"},"modified":"2018-04-07T19:22:13","modified_gmt":"2018-04-07T19:22:13","slug":"auftakt-in-eine-neue-saison","status":"publish","type":"post","link":"https:\/\/saf-wien.at\/wpneu\/index.php\/2018\/04\/07\/auftakt-in-eine-neue-saison\/","title":{"rendered":"Auftakt in eine neue Saison"},"content":{"rendered":"<p>Vor einiger Zeit habe ich an dieser Stelle geschrieben, dass es erst dann ein &#8222;richtiger&#8220; Saisonauftakt ist, wenn wir auf der Rinne unsere Boote zu Wasser lassen k\u00f6nnen. <\/p>\n<p><img decoding=\"async\" src=\"https:\/\/saf-wien.at\/wpneu\/wp-content\/uploads\/2022\/03\/IMG_0050-480x640.jpg\" alt=\"\" \/>Sp\u00e4t, aber doch war es dann Gott Sei Dank auch bei uns so weit. Letzte Woche gab es die ersten Trainings am Mittwoch und am Freitag, und auch das Auswintern ist plangem\u00e4\u00df \u00fcber die B\u00fchne gegangen.<\/p>\n<p><img decoding=\"async\" src=\"https:\/\/saf-wien.at\/wpneu\/wp-content\/uploads\/2022\/03\/IMG_0079.jpg\" alt=\"\" \/>Wir freuen uns schon auf eine ereignisreiche und spannende Saison 2018.<\/p>\n<p>Mit Beginn der neuen Saison sind wir auch auf Facebook wieder mit dabei. <a href=\"https:\/\/www.facebook.com\/SAFWien\">Schauen Sie sich das an \ud83d\ude42<\/a><\/p>\n","protected":false},"excerpt":{"rendered":"<p>Vor einiger Zeit habe ich an dieser Stelle geschrieben, dass es erst dann ein &#8222;richtiger&#8220; Saisonauftakt ist, wenn wir auf der Rinne unsere Boote zu Wasser lassen k\u00f6nnen. Sp\u00e4t, aber doch war es dann Gott Sei Dank auch bei uns so weit. Letzte Woche gab es die ersten Trainings am Mittwoch und am Freitag, und &#8230; <a title=\"Auftakt in eine neue Saison\" class=\"read-more\" href=\"https:\/\/saf-wien.at\/wpneu\/index.php\/2018\/04\/07\/auftakt-in-eine-neue-saison\/\" aria-label=\"Mehr Informationen \u00fcber Auftakt in eine neue Saison\">Weiterlesen<\/a><\/p>\n","protected":false},"author":1,"featured_media":760,"comment_status":"open","ping_status":"open","sticky":false,"template":"","format":"standard","meta":{"footnotes":""},"categories":[1],"tags":[],"class_list":["post-770","post","type-post","status-publish","format-standard","has-post-thumbnail","hentry","category-uncategorized"],"_links":{"self":[{"href":"https:\/\/saf-wien.at\/wpneu\/index.php\/wp-json\/wp\/v2\/posts\/770","targetHints":{"allow":["GET"]}}],"collection":[{"href":"https:\/\/saf-wien.at\/wpneu\/index.php\/wp-json\/wp\/v2\/posts"}],"about":[{"href":"https:\/\/saf-wien.at\/wpneu\/index.php\/wp-json\/wp\/v2\/types\/post"}],"author":[{"embeddable":true,"href":"https:\/\/saf-wien.at\/wpneu\/index.php\/wp-json\/wp\/v2\/users\/1"}],"replies":[{"embeddable":true,"href":"https:\/\/saf-wien.at\/wpneu\/index.php\/wp-json\/wp\/v2\/comments?post=770"}],"version-history":[{"count":0,"href":"https:\/\/saf-wien.at\/wpneu\/index.php\/wp-json\/wp\/v2\/posts\/770\/revisions"}],"wp:featuredmedia":[{"embeddable":true,"href":"https:\/\/saf-wien.at\/wpneu\/index.php\/wp-json\/wp\/v2\/posts\/760"}],"wp:attachment":[{"href":"https:\/\/saf-wien.at\/wpneu\/index.php\/wp-json\/wp\/v2\/media?parent=770"}],"wp:term":[{"taxonomy":"category","embeddable":true,"href":"https:\/\/saf-wien.at\/wpneu\/index.php\/wp-json\/wp\/v2\/categories?post=770"},{"taxonomy":"post_tag","embeddable":true,"href":"https:\/\/saf-wien.at\/wpneu\/index.php\/wp-json\/wp\/v2\/tags?post=770"}],"curies":[{"name":"wp","href":"https:\/\/api.w.org\/{rel}","templated":true}]}}