{"id":760,"date":"2018-04-06T21:10:56","date_gmt":"2018-04-06T21:10:56","guid":{"rendered":"https:\/\/saf-wien.at\/wpneu\/index.php\/2018\/04\/06\/bilder-einer-osterwoche-laser-training-in-slowenien\/"},"modified":"2018-04-06T21:10:56","modified_gmt":"2018-04-06T21:10:56","slug":"bilder-einer-osterwoche-laser-training-in-slowenien","status":"publish","type":"post","link":"https:\/\/saf-wien.at\/wpneu\/index.php\/2018\/04\/06\/bilder-einer-osterwoche-laser-training-in-slowenien\/","title":{"rendered":"Bilder einer Osterwoche &#8211; Laser Training in Slowenien"},"content":{"rendered":"<p>Schon seit vielen Jahren ist es der Saison-Startschuss f\u00fcr viele Segler aus verschiedenen Bootsklassen: das Ostertraining im slowenischen Izola.<\/p>\n<p><img decoding=\"async\" src=\"https:\/\/saf-wien.at\/wpneu\/wp-content\/uploads\/2022\/03\/IMG_4294-1008x756.jpg\" alt=\"\" \/>Dieses Jahr waren es \u00fcber 120 Segler in den Bootsklassen 420, 29er, 49er und nat\u00fcrlich im Laser. <\/p>\n<p><img decoding=\"async\" src=\"https:\/\/saf-wien.at\/wpneu\/wp-content\/uploads\/2022\/03\/IMG_20180325_201911489_HDR-816x459.jpg\" alt=\"\" \/>Unterrichtet wurde Theorie (hier ein Vortrag \u00fcber Sportmedizin und Trainingstheorie) &#8230; <\/p>\n<p><img decoding=\"async\" src=\"https:\/\/saf-wien.at\/wpneu\/wp-content\/uploads\/2022\/03\/IMG_20180325_110736024-816x459.jpg\" alt=\"\" \/>&#8230; und Praxis. <\/p>\n<p><img decoding=\"async\" src=\"https:\/\/saf-wien.at\/wpneu\/wp-content\/uploads\/2022\/03\/IMG_20180325_094231183-816x459.jpg\" alt=\"\" \/>Eine &#8222;kleine&#8220; Regatta mit \u00fcber 240 teilnehmenden Booten in den Klassen 420 und Laser rundete das Ostertraining ab.  <\/p>\n","protected":false},"excerpt":{"rendered":"<p>Schon seit vielen Jahren ist es der Saison-Startschuss f\u00fcr viele Segler aus verschiedenen Bootsklassen: das Ostertraining im slowenischen Izola. Dieses Jahr waren es \u00fcber 120 Segler in den Bootsklassen 420, 29er, 49er und nat\u00fcrlich im Laser. Unterrichtet wurde Theorie (hier ein Vortrag \u00fcber Sportmedizin und Trainingstheorie) &#8230; &#8230; und Praxis. Eine &#8222;kleine&#8220; Regatta mit \u00fcber &#8230; <a title=\"Bilder einer Osterwoche &#8211; Laser Training in Slowenien\" class=\"read-more\" href=\"https:\/\/saf-wien.at\/wpneu\/index.php\/2018\/04\/06\/bilder-einer-osterwoche-laser-training-in-slowenien\/\" aria-label=\"Mehr Informationen \u00fcber Bilder einer Osterwoche &#8211; Laser Training in Slowenien\">Weiterlesen<\/a><\/p>\n","protected":false},"author":1,"featured_media":750,"comment_status":"open","ping_status":"open","sticky":false,"template":"","format":"standard","meta":{"footnotes":""},"categories":[1],"tags":[],"class_list":["post-760","post","type-post","status-publish","format-standard","has-post-thumbnail","hentry","category-uncategorized"],"_links":{"self":[{"href":"https:\/\/saf-wien.at\/wpneu\/index.php\/wp-json\/wp\/v2\/posts\/760","targetHints":{"allow":["GET"]}}],"collection":[{"href":"https:\/\/saf-wien.at\/wpneu\/index.php\/wp-json\/wp\/v2\/posts"}],"about":[{"href":"https:\/\/saf-wien.at\/wpneu\/index.php\/wp-json\/wp\/v2\/types\/post"}],"author":[{"embeddable":true,"href":"https:\/\/saf-wien.at\/wpneu\/index.php\/wp-json\/wp\/v2\/users\/1"}],"replies":[{"embeddable":true,"href":"https:\/\/saf-wien.at\/wpneu\/index.php\/wp-json\/wp\/v2\/comments?post=760"}],"version-history":[{"count":0,"href":"https:\/\/saf-wien.at\/wpneu\/index.php\/wp-json\/wp\/v2\/posts\/760\/revisions"}],"wp:featuredmedia":[{"embeddable":true,"href":"https:\/\/saf-wien.at\/wpneu\/index.php\/wp-json\/wp\/v2\/posts\/750"}],"wp:attachment":[{"href":"https:\/\/saf-wien.at\/wpneu\/index.php\/wp-json\/wp\/v2\/media?parent=760"}],"wp:term":[{"taxonomy":"category","embeddable":true,"href":"https:\/\/saf-wien.at\/wpneu\/index.php\/wp-json\/wp\/v2\/categories?post=760"},{"taxonomy":"post_tag","embeddable":true,"href":"https:\/\/saf-wien.at\/wpneu\/index.php\/wp-json\/wp\/v2\/tags?post=760"}],"curies":[{"name":"wp","href":"https:\/\/api.w.org\/{rel}","templated":true}]}}