{"id":740,"date":"2018-03-04T13:51:41","date_gmt":"2018-03-04T13:51:41","guid":{"rendered":"https:\/\/saf-wien.at\/wpneu\/index.php\/2018\/03\/04\/tulln-der-nabel-der-welt\/"},"modified":"2018-03-04T13:51:41","modified_gmt":"2018-03-04T13:51:41","slug":"tulln-der-nabel-der-welt","status":"publish","type":"post","link":"https:\/\/saf-wien.at\/wpneu\/index.php\/2018\/03\/04\/tulln-der-nabel-der-welt\/","title":{"rendered":"Tulln, der Nabel der Welt"},"content":{"rendered":"<p>Der Nabel der Welt ist Tulln. Zumindest im Winter, zumindest bei Seglern, Tauchern und Motorbootfahrern. Denn dort findet jeden M\u00e4rz die <a href=\"https:\/\/www.messe-tulln.at\/messe_kalender\/austrian_boat_show_boot_tulln\/\">Austrian Boat Show<\/a>, die Messe f\u00fcr Wassersportfreunde, statt.<\/p>\n<p>Man f\u00e4hrt hin, um die neuesten Entwicklungen am Bootsmarkt zu bestaunen. Oder, um Bekannte, die man schon den ganzen Winter nicht gesehen hat, wieder mal treffen zu k\u00f6nnen. <\/p>\n<p><img decoding=\"async\" src=\"https:\/\/saf-wien.at\/wpneu\/wp-content\/uploads\/2022\/03\/webacc-3.jpg\" alt=\"\" \/>Der \u00f6sterreichische Segelverband (\u00d6SV) nutzt diese Gelegenheit auch immer, um die erfolgreichsten Sportler der letzten Saison zu ehren. Heuer ist eine SAF Seglerin mit dabei. Anastasia wurde f\u00fcr ihren 6. Platz bei der Zoom8 EM ausgezeichnet. Der SAF gratuliert herzlich und freut sich schon auf eine ebenso erfolgreiche Saison 2018. Anastasia ist hier im Bild mit Matthias Schmid, dem Leistungssportreferenten des \u00d6SV, zu sehen.<\/p>\n","protected":false},"excerpt":{"rendered":"<p>Der Nabel der Welt ist Tulln. Zumindest im Winter, zumindest bei Seglern, Tauchern und Motorbootfahrern. Denn dort findet jeden M\u00e4rz die Austrian Boat Show, die Messe f\u00fcr Wassersportfreunde, statt. Man f\u00e4hrt hin, um die neuesten Entwicklungen am Bootsmarkt zu bestaunen. Oder, um Bekannte, die man schon den ganzen Winter nicht gesehen hat, wieder mal treffen &#8230; <a title=\"Tulln, der Nabel der Welt\" class=\"read-more\" href=\"https:\/\/saf-wien.at\/wpneu\/index.php\/2018\/03\/04\/tulln-der-nabel-der-welt\/\" aria-label=\"Mehr Informationen \u00fcber Tulln, der Nabel der Welt\">Weiterlesen<\/a><\/p>\n","protected":false},"author":1,"featured_media":730,"comment_status":"open","ping_status":"open","sticky":false,"template":"","format":"standard","meta":{"footnotes":""},"categories":[1],"tags":[],"class_list":["post-740","post","type-post","status-publish","format-standard","has-post-thumbnail","hentry","category-uncategorized"],"_links":{"self":[{"href":"https:\/\/saf-wien.at\/wpneu\/index.php\/wp-json\/wp\/v2\/posts\/740","targetHints":{"allow":["GET"]}}],"collection":[{"href":"https:\/\/saf-wien.at\/wpneu\/index.php\/wp-json\/wp\/v2\/posts"}],"about":[{"href":"https:\/\/saf-wien.at\/wpneu\/index.php\/wp-json\/wp\/v2\/types\/post"}],"author":[{"embeddable":true,"href":"https:\/\/saf-wien.at\/wpneu\/index.php\/wp-json\/wp\/v2\/users\/1"}],"replies":[{"embeddable":true,"href":"https:\/\/saf-wien.at\/wpneu\/index.php\/wp-json\/wp\/v2\/comments?post=740"}],"version-history":[{"count":0,"href":"https:\/\/saf-wien.at\/wpneu\/index.php\/wp-json\/wp\/v2\/posts\/740\/revisions"}],"wp:featuredmedia":[{"embeddable":true,"href":"https:\/\/saf-wien.at\/wpneu\/index.php\/wp-json\/wp\/v2\/posts\/730"}],"wp:attachment":[{"href":"https:\/\/saf-wien.at\/wpneu\/index.php\/wp-json\/wp\/v2\/media?parent=740"}],"wp:term":[{"taxonomy":"category","embeddable":true,"href":"https:\/\/saf-wien.at\/wpneu\/index.php\/wp-json\/wp\/v2\/categories?post=740"},{"taxonomy":"post_tag","embeddable":true,"href":"https:\/\/saf-wien.at\/wpneu\/index.php\/wp-json\/wp\/v2\/tags?post=740"}],"curies":[{"name":"wp","href":"https:\/\/api.w.org\/{rel}","templated":true}]}}