{"id":720,"date":"2018-02-21T18:36:04","date_gmt":"2018-02-21T18:36:04","guid":{"rendered":"https:\/\/saf-wien.at\/wpneu\/index.php\/2018\/02\/21\/wintereinbruch\/"},"modified":"2018-02-21T18:36:04","modified_gmt":"2018-02-21T18:36:04","slug":"wintereinbruch","status":"publish","type":"post","link":"https:\/\/saf-wien.at\/wpneu\/index.php\/2018\/02\/21\/wintereinbruch\/","title":{"rendered":"Wintereinbruch"},"content":{"rendered":"<p>Ein Adria-Tief beschert uns Schneefall in Wien und eine zugefrorene alte Donau. Selbst in Pula fallen die Temperaturen unter den Gefrierpunkt, und bei angesagten B\u00f6en \u00fcber 50 kn wird die Regatta, an der wir n\u00e4chstes Wochenende teilnehmen wollten, abgesagt.<\/p>\n<p><img decoding=\"async\" src=\"https:\/\/saf-wien.at\/wpneu\/wp-content\/uploads\/2022\/03\/IMG_20180220_174603149-816x459.jpg\" alt=\"\" \/><\/p>\n<p>Da beneiden wir die, die in den S\u00fcden gezogen sind, um sich in w\u00e4rmeren Gefilden auf die kommende Saison vorbereiten zu k\u00f6nnen. <\/p>\n<p><img decoding=\"async\" src=\"https:\/\/saf-wien.at\/wpneu\/wp-content\/uploads\/2022\/03\/IMG_6219_klein.jpg\" alt=\"\" \/>Wie Eugen, der sich in Barcelona auf die Mini Transat Regatta 2019 vorbereitet, oder Anastasia, die in Palamos trainieren konnte.<\/p>\n","protected":false},"excerpt":{"rendered":"<p>Ein Adria-Tief beschert uns Schneefall in Wien und eine zugefrorene alte Donau. Selbst in Pula fallen die Temperaturen unter den Gefrierpunkt, und bei angesagten B\u00f6en \u00fcber 50 kn wird die Regatta, an der wir n\u00e4chstes Wochenende teilnehmen wollten, abgesagt. Da beneiden wir die, die in den S\u00fcden gezogen sind, um sich in w\u00e4rmeren Gefilden auf &#8230; <a title=\"Wintereinbruch\" class=\"read-more\" href=\"https:\/\/saf-wien.at\/wpneu\/index.php\/2018\/02\/21\/wintereinbruch\/\" aria-label=\"Mehr Informationen \u00fcber Wintereinbruch\">Weiterlesen<\/a><\/p>\n","protected":false},"author":1,"featured_media":710,"comment_status":"open","ping_status":"open","sticky":false,"template":"","format":"standard","meta":{"footnotes":""},"categories":[1],"tags":[],"class_list":["post-720","post","type-post","status-publish","format-standard","has-post-thumbnail","hentry","category-uncategorized"],"_links":{"self":[{"href":"https:\/\/saf-wien.at\/wpneu\/index.php\/wp-json\/wp\/v2\/posts\/720","targetHints":{"allow":["GET"]}}],"collection":[{"href":"https:\/\/saf-wien.at\/wpneu\/index.php\/wp-json\/wp\/v2\/posts"}],"about":[{"href":"https:\/\/saf-wien.at\/wpneu\/index.php\/wp-json\/wp\/v2\/types\/post"}],"author":[{"embeddable":true,"href":"https:\/\/saf-wien.at\/wpneu\/index.php\/wp-json\/wp\/v2\/users\/1"}],"replies":[{"embeddable":true,"href":"https:\/\/saf-wien.at\/wpneu\/index.php\/wp-json\/wp\/v2\/comments?post=720"}],"version-history":[{"count":0,"href":"https:\/\/saf-wien.at\/wpneu\/index.php\/wp-json\/wp\/v2\/posts\/720\/revisions"}],"wp:featuredmedia":[{"embeddable":true,"href":"https:\/\/saf-wien.at\/wpneu\/index.php\/wp-json\/wp\/v2\/posts\/710"}],"wp:attachment":[{"href":"https:\/\/saf-wien.at\/wpneu\/index.php\/wp-json\/wp\/v2\/media?parent=720"}],"wp:term":[{"taxonomy":"category","embeddable":true,"href":"https:\/\/saf-wien.at\/wpneu\/index.php\/wp-json\/wp\/v2\/categories?post=720"},{"taxonomy":"post_tag","embeddable":true,"href":"https:\/\/saf-wien.at\/wpneu\/index.php\/wp-json\/wp\/v2\/tags?post=720"}],"curies":[{"name":"wp","href":"https:\/\/api.w.org\/{rel}","templated":true}]}}