{"id":680,"date":"2018-01-05T16:23:53","date_gmt":"2018-01-05T16:23:53","guid":{"rendered":"https:\/\/saf-wien.at\/wpneu\/index.php\/2018\/01\/05\/laser-europacup-finale-hvar-2017\/"},"modified":"2018-01-05T16:23:53","modified_gmt":"2018-01-05T16:23:53","slug":"laser-europacup-finale-hvar-2017","status":"publish","type":"post","link":"https:\/\/saf-wien.at\/wpneu\/index.php\/2018\/01\/05\/laser-europacup-finale-hvar-2017\/","title":{"rendered":"Laser Europacup &#8211; Finale Hvar 2017"},"content":{"rendered":"<p>Es ist der letzte Laser Europacup im Jahr, die Silvesterregatta im kroatischen Hvar. Ein Finale, das eigentlich schon wieder ein neuer Anfang ist, denn in unseren Gedanken und Planungen sind wir schon lange im n\u00e4chsten Jahr. Bei der Jugend WM in Polen oder der Master WM in Irland.<\/p>\n<p><img decoding=\"async\" src=\"https:\/\/saf-wien.at\/wpneu\/wp-content\/uploads\/2022\/03\/IMG_0930.jpg\" alt=\"\" \/>Der EC in Hvar ist immer eine erste Form\u00fcberpr\u00fcfung. Was passt, wo m\u00fcssen wir uns noch verbessern, was muss verst\u00e4rkt trainiert werden.<\/p>\n<p><img decoding=\"async\" src=\"https:\/\/saf-wien.at\/wpneu\/wp-content\/uploads\/2022\/03\/IMG_0890.jpg\" alt=\"\" \/>Etwa 100 Laser aus 10 Nationen sind angereist, zus\u00e4tzlich zu 70 Optimisten. Sie alle mussten jedoch am 1. Regattatag an Land bleiben, wegen eines S\u00fcdsturmes mit weit \u00fcber 35 kn Wind und 3 m Wellen. Der war selbst den Fischern zu viel, auch sie blieben mit ihren Booten im Hafen.<\/p>\n<p><img decoding=\"async\" src=\"https:\/\/saf-wien.at\/wpneu\/wp-content\/uploads\/2022\/03\/IMG_0915.jpg\" alt=\"\" \/>Tag 2 mit Bora, etwas weniger Wind und kaum Welle. Aber immer noch B\u00f6en mit \u00fcber 30 kn. Bei 6 Grad k\u00f6nnen 3 Wettfahrten gesegelt werden. Das sind Bedingungen, wie sie Clemens liegen. Der 10. Platz nach 3 Wettfahrten sind eine sch\u00f6ne Belohnung f\u00fcr einen anstrengenden Tag.<\/p>\n<p><img decoding=\"async\" src=\"https:\/\/saf-wien.at\/wpneu\/wp-content\/uploads\/2022\/03\/IMG_0914.jpg\" alt=\"\" \/>An den beiden letzten Tagen beruhigt sich das Wetter wieder. Der Wind l\u00e4sst deutlich nach und dreht langsam auf S\u00fcd, die Temperaturen steigen auf 14 Grad. Auch der Autor dieser Zeilen kann sich endlich wieder aufs Wasser wagen. Clemens, der solche Schwachwindtage \u00fcberhaupt nicht mag, k\u00e4mpft tapfer, b\u00fc\u00dft aber durch ein BFD viele Pl\u00e4tze ein und landet schlie\u00dflich auf Platz 15.<\/p>\n<p><img decoding=\"async\" src=\"https:\/\/saf-wien.at\/wpneu\/wp-content\/uploads\/2022\/03\/IMG_0909.jpg\" alt=\"\" \/>Alles in Allem ein toller Abschluss einer ereignisreichen Saison. <br \/>Die Vollst\u00e4ndigen Ergebnislisten finden Sie <a href=\"http:\/\/www.jkzvir.hr\/en\/regattas\/laser_europa_cup\/results\">hier<\/a>, weitere Bilder <a href=\"http:\/\/www.jkzvir.hr\/en\/photo\/photos\/new_year_races\/1618929401516021\">hier<\/a>.<\/p>\n","protected":false},"excerpt":{"rendered":"<p>Es ist der letzte Laser Europacup im Jahr, die Silvesterregatta im kroatischen Hvar. Ein Finale, das eigentlich schon wieder ein neuer Anfang ist, denn in unseren Gedanken und Planungen sind wir schon lange im n\u00e4chsten Jahr. Bei der Jugend WM in Polen oder der Master WM in Irland. Der EC in Hvar ist immer eine &#8230; <a title=\"Laser Europacup &#8211; Finale Hvar 2017\" class=\"read-more\" href=\"https:\/\/saf-wien.at\/wpneu\/index.php\/2018\/01\/05\/laser-europacup-finale-hvar-2017\/\" aria-label=\"Mehr Informationen \u00fcber Laser Europacup &#8211; Finale Hvar 2017\">Weiterlesen<\/a><\/p>\n","protected":false},"author":1,"featured_media":670,"comment_status":"open","ping_status":"open","sticky":false,"template":"","format":"standard","meta":{"footnotes":""},"categories":[1],"tags":[],"class_list":["post-680","post","type-post","status-publish","format-standard","has-post-thumbnail","hentry","category-uncategorized"],"_links":{"self":[{"href":"https:\/\/saf-wien.at\/wpneu\/index.php\/wp-json\/wp\/v2\/posts\/680","targetHints":{"allow":["GET"]}}],"collection":[{"href":"https:\/\/saf-wien.at\/wpneu\/index.php\/wp-json\/wp\/v2\/posts"}],"about":[{"href":"https:\/\/saf-wien.at\/wpneu\/index.php\/wp-json\/wp\/v2\/types\/post"}],"author":[{"embeddable":true,"href":"https:\/\/saf-wien.at\/wpneu\/index.php\/wp-json\/wp\/v2\/users\/1"}],"replies":[{"embeddable":true,"href":"https:\/\/saf-wien.at\/wpneu\/index.php\/wp-json\/wp\/v2\/comments?post=680"}],"version-history":[{"count":0,"href":"https:\/\/saf-wien.at\/wpneu\/index.php\/wp-json\/wp\/v2\/posts\/680\/revisions"}],"wp:featuredmedia":[{"embeddable":true,"href":"https:\/\/saf-wien.at\/wpneu\/index.php\/wp-json\/wp\/v2\/posts\/670"}],"wp:attachment":[{"href":"https:\/\/saf-wien.at\/wpneu\/index.php\/wp-json\/wp\/v2\/media?parent=680"}],"wp:term":[{"taxonomy":"category","embeddable":true,"href":"https:\/\/saf-wien.at\/wpneu\/index.php\/wp-json\/wp\/v2\/categories?post=680"},{"taxonomy":"post_tag","embeddable":true,"href":"https:\/\/saf-wien.at\/wpneu\/index.php\/wp-json\/wp\/v2\/tags?post=680"}],"curies":[{"name":"wp","href":"https:\/\/api.w.org\/{rel}","templated":true}]}}