{"id":660,"date":"2017-12-29T12:01:44","date_gmt":"2017-12-29T12:01:44","guid":{"rendered":"https:\/\/saf-wien.at\/wpneu\/index.php\/2017\/12\/29\/termine-2018\/"},"modified":"2017-12-29T12:01:44","modified_gmt":"2017-12-29T12:01:44","slug":"termine-2018","status":"publish","type":"post","link":"https:\/\/saf-wien.at\/wpneu\/index.php\/2017\/12\/29\/termine-2018\/","title":{"rendered":"Termine 2018"},"content":{"rendered":"<p>Die Termine f\u00fcr das Jahr 2018 stehen fest. In folgender Tabelle sind auch die ersten Vereinsabend-Termine f\u00fcr 2019 angef\u00fchrt. <font color=\"blue\">Vereinsabende<\/font> sind <font color=\"blue\">blau<\/font>, <font color=\"green\">Arbeitseins\u00e4tze gr\u00fcn<\/font> und <font color=\"red\">Regatten<\/font> sind <font color=\"red\">rot<\/font> geschrieben.<\/p>\n<table>\n<tr>\n<td colspan=\"2\"><b>J\u00e4nner<\/b><\/td>\n<\/tr>\n<tr>\n<td>8.<\/td>\n<td><font color=\"blue\">Vereinsabend<\/font><\/td>\n<tr>\n<td colspan=\"2\"><b>Februar<\/b><\/td>\n<\/tr>\n<tr>\n<td>12.<\/td>\n<td><font color=\"blue\">Vereinsabend<\/font><\/td>\n<tr>\n<td colspan=\"2\"><b>M\u00e4rz<\/b><\/td>\n<\/tr>\n<tr>\n<td>12.<\/td>\n<td><font color=\"blue\">Jahreshauptversammlung<\/font><\/td>\n<tr>\n<td colspan=\"2\"><b>April<\/b><\/td>\n<\/tr>\n<tr>\n<td>7.<\/td>\n<td><font color=\"green\">Auswintern<\/font><\/td>\n<\/tr>\n<tr>\n<td>14.<\/td>\n<td><font color=\"green\">Auswintern Teil 2 (u.a. f\u00fcr Vereinsboote)<\/font><\/td>\n<\/tr>\n<tr>\n<td>16.<\/td>\n<td><font color=\"red\">Start Vereinsmeisterschaft<\/font><\/td>\n<\/tr>\n<tr>\n<td colspan=\"2\"><b>Mai<\/b><\/td>\n<\/tr>\n<tr>\n<td>5. &#8211; 6.<\/td>\n<td><font color=\"red\">Maipokal \u2013 Sissi Wolfgang Memorial (LM Laser)<\/font><\/td>\n<\/tr>\n<tr>\n<td colspan=\"2\"><b>Juni<\/b><\/td>\n<\/tr>\n<tr>\n<td>23. &#8211; 24.<\/td>\n<td><font color=\"red\">Donauinselfestregatta &#8211; Werner Dohnal Memorial (Pirat SP; LM LaserR)<\/font><\/td>\n<\/tr>\n<tr>\n<td colspan=\"2\"><b>Juli<\/b><\/td>\n<\/tr>\n<tr>\n<td>2.<\/td>\n<td><font color=\"blue\">Grillen zum Sommerferienanfang<\/font><\/td>\n<\/tr>\n<tr>\n<td colspan=\"2\"><b>August<\/b><\/td>\n<\/tr>\n<tr>\n<td>6.<\/td>\n<td><font color=\"blue\">Palatschinken mit Eis usw.<\/font><\/td>\n<\/tr>\n<tr>\n<td>25.<\/td>\n<td><font color=\"red\">Clubregatta &#8222;Ferienausklang&#8220; (YS)<\/font><\/td>\n<\/tr>\n<tr>\n<td colspan=\"2\"><b>September<\/b><\/td>\n<\/tr>\n<tr>\n<td>3.<\/td>\n<td><font color=\"blue\">Vereinsabend zum Schulbeginn<\/font><\/td>\n<\/tr>\n<tr>\n<td>24.<\/td>\n<td><font color=\"red\">Ende Vereinsmeisterschaft<\/font><\/td>\n<\/tr>\n<tr>\n<td colspan=\"2\"><b>Oktober<\/b><\/td>\n<\/tr>\n<tr>\n<td>6.<\/td>\n<td><font color=\"red\">Offene ASK\u00d6 Meisterschaft &#8211; Helmut Glaser Memorial (YS; Optimist)<\/font><\/td>\n<\/tr>\n<tr>\n<td>26.<\/td>\n<td><font color=\"red\">Gro\u00dfer Herbstpreis (YS)<\/font><\/td>\n<\/tr>\n<tr>\n<td>27.<\/td>\n<td><font color=\"green\">Einwintern \u2013 Vorbereitung<\/font><\/td>\n<\/tr>\n<tr>\n<td colspan=\"2\"><b>November<\/b><\/td>\n<\/tr>\n<tr>\n<td>3.<\/td>\n<td><font color=\"green\">Einwintern<\/font><\/td>\n<\/tr>\n<tr>\n<td>12.<\/td>\n<td><font color=\"blue\">Vereinsabend mit Siegerehrung der Vereinsmeisterschaft<\/font><\/td>\n<\/tr>\n<tr>\n<td colspan=\"2\"><b>Dezember<\/b><\/td>\n<\/tr>\n<tr>\n<td>10.<\/td>\n<td><font color=\"blue\">Weihnachtsfeier<\/font><\/td>\n<\/tr>\n<tr>\n<td colspan=\"2\">\n<hr \/>\n<td><\/tr>\n<tr>\n<td colspan=\"2\"><b>J\u00e4nner 2019<\/b><\/td>\n<\/tr>\n<tr>\n<td>14.<\/td>\n<td><font color=\"blue\">Vereinsabend<\/font><\/td>\n<\/tr>\n<tr>\n<td colspan=\"2\"><b>Februar 2019<\/b><\/td>\n<\/tr>\n<tr>\n<td>11.<\/td>\n<td><font color=\"blue\">Vereinsabend<\/font><\/td>\n<\/tr>\n<tr>\n<td colspan=\"2\"><b>M\u00e4rz 2019<\/b><\/td>\n<\/tr>\n<tr>\n<td>11.<\/td>\n<td><font color=\"blue\">Generalversammlung<\/font><\/td>\n<\/tr>\n<\/table>\n","protected":false},"excerpt":{"rendered":"<p>Die Termine f\u00fcr das Jahr 2018 stehen fest. In folgender Tabelle sind auch die ersten Vereinsabend-Termine f\u00fcr 2019 angef\u00fchrt. Vereinsabende sind blau, Arbeitseins\u00e4tze gr\u00fcn und Regatten sind rot geschrieben. J\u00e4nner 8. Vereinsabend Februar 12. Vereinsabend M\u00e4rz 12. Jahreshauptversammlung April 7. Auswintern 14. Auswintern Teil 2 (u.a. f\u00fcr Vereinsboote) 16. Start Vereinsmeisterschaft Mai 5. &#8211; 6. &#8230; <a title=\"Termine 2018\" class=\"read-more\" href=\"https:\/\/saf-wien.at\/wpneu\/index.php\/2017\/12\/29\/termine-2018\/\" aria-label=\"Mehr Informationen \u00fcber Termine 2018\">Weiterlesen<\/a><\/p>\n","protected":false},"author":3,"featured_media":650,"comment_status":"open","ping_status":"open","sticky":false,"template":"","format":"standard","meta":{"footnotes":""},"categories":[1],"tags":[],"class_list":["post-660","post","type-post","status-publish","format-standard","has-post-thumbnail","hentry","category-uncategorized"],"_links":{"self":[{"href":"https:\/\/saf-wien.at\/wpneu\/index.php\/wp-json\/wp\/v2\/posts\/660","targetHints":{"allow":["GET"]}}],"collection":[{"href":"https:\/\/saf-wien.at\/wpneu\/index.php\/wp-json\/wp\/v2\/posts"}],"about":[{"href":"https:\/\/saf-wien.at\/wpneu\/index.php\/wp-json\/wp\/v2\/types\/post"}],"author":[{"embeddable":true,"href":"https:\/\/saf-wien.at\/wpneu\/index.php\/wp-json\/wp\/v2\/users\/3"}],"replies":[{"embeddable":true,"href":"https:\/\/saf-wien.at\/wpneu\/index.php\/wp-json\/wp\/v2\/comments?post=660"}],"version-history":[{"count":0,"href":"https:\/\/saf-wien.at\/wpneu\/index.php\/wp-json\/wp\/v2\/posts\/660\/revisions"}],"wp:featuredmedia":[{"embeddable":true,"href":"https:\/\/saf-wien.at\/wpneu\/index.php\/wp-json\/"}],"wp:attachment":[{"href":"https:\/\/saf-wien.at\/wpneu\/index.php\/wp-json\/wp\/v2\/media?parent=660"}],"wp:term":[{"taxonomy":"category","embeddable":true,"href":"https:\/\/saf-wien.at\/wpneu\/index.php\/wp-json\/wp\/v2\/categories?post=660"},{"taxonomy":"post_tag","embeddable":true,"href":"https:\/\/saf-wien.at\/wpneu\/index.php\/wp-json\/wp\/v2\/tags?post=660"}],"curies":[{"name":"wp","href":"https:\/\/api.w.org\/{rel}","templated":true}]}}