{"id":630,"date":"2017-11-28T18:24:53","date_gmt":"2017-11-28T18:24:53","guid":{"rendered":"https:\/\/saf-wien.at\/wpneu\/index.php\/2017\/11\/28\/spatherbstsegeln\/"},"modified":"2017-11-28T18:24:53","modified_gmt":"2017-11-28T18:24:53","slug":"spatherbstsegeln","status":"publish","type":"post","link":"https:\/\/saf-wien.at\/wpneu\/index.php\/2017\/11\/28\/spatherbstsegeln\/","title":{"rendered":"Sp\u00e4therbstsegeln"},"content":{"rendered":"<p>Ein Sonntag im Advent. Na ja, fast Advent, denn der 1. Adventssonntag ist erst n\u00e4chste Woche, im k\u00fcrzesten Advent seit Langem. <br \/>Der Wetterbericht k\u00fcndigt eine Kaltfront an. 5 Grad und Buschwind mit \u00fcber 25 Knoten. Langsam reift der Tagesplan. Mit Buch lesen, Skirennen schauen und faulenzen.<\/p>\n<p><img decoding=\"async\" src=\"https:\/\/saf-wien.at\/wpneu\/wp-content\/uploads\/2022\/03\/20171126_125812-816x459.jpg\" alt=\"\" \/>Um 10 Uhr flattert eine SMS herein. Von Silke. &#8222;Hei, es gibt Wind. Gemma segeln?&#8220; So viel Enthusiasmus steckt an. Ein kurzes sondieren der Lage um 12 Uhr zeigt: der Wind kommt n\u00f6rdlicher als angenommen mit gut segelbaren B\u00f6en aus West.<\/p>\n<p><img decoding=\"async\" src=\"https:\/\/saf-wien.at\/wpneu\/wp-content\/uploads\/2022\/03\/3163-768x432.jpg\" alt=\"\" \/>12 kn Grundwind und bis zu 18 kn in den B\u00f6en sind es dann geworden. Viele Man\u00f6ver haben uns warm gehalten und ab und zu hat sogar die Sonne etwas heruntergeblinzelt. <br \/>Toll. Der Segeltag. Und die  Segel-Freunde, die sich trotz schlechter Wetterprognosen nicht davon abhalten lassen, aufs Wasser zu gehen \ud83d\ude42<\/p>\n<p>Vielen Dank auch an Gerhard f\u00fcr dieses super Segelfoto. <\/p>\n","protected":false},"excerpt":{"rendered":"<p>Ein Sonntag im Advent. Na ja, fast Advent, denn der 1. Adventssonntag ist erst n\u00e4chste Woche, im k\u00fcrzesten Advent seit Langem. Der Wetterbericht k\u00fcndigt eine Kaltfront an. 5 Grad und Buschwind mit \u00fcber 25 Knoten. Langsam reift der Tagesplan. Mit Buch lesen, Skirennen schauen und faulenzen. Um 10 Uhr flattert eine SMS herein. Von Silke. &#8230; <a title=\"Sp\u00e4therbstsegeln\" class=\"read-more\" href=\"https:\/\/saf-wien.at\/wpneu\/index.php\/2017\/11\/28\/spatherbstsegeln\/\" aria-label=\"Mehr Informationen \u00fcber Sp\u00e4therbstsegeln\">Weiterlesen<\/a><\/p>\n","protected":false},"author":1,"featured_media":620,"comment_status":"open","ping_status":"open","sticky":false,"template":"","format":"standard","meta":{"footnotes":""},"categories":[1],"tags":[],"class_list":["post-630","post","type-post","status-publish","format-standard","has-post-thumbnail","hentry","category-uncategorized"],"_links":{"self":[{"href":"https:\/\/saf-wien.at\/wpneu\/index.php\/wp-json\/wp\/v2\/posts\/630","targetHints":{"allow":["GET"]}}],"collection":[{"href":"https:\/\/saf-wien.at\/wpneu\/index.php\/wp-json\/wp\/v2\/posts"}],"about":[{"href":"https:\/\/saf-wien.at\/wpneu\/index.php\/wp-json\/wp\/v2\/types\/post"}],"author":[{"embeddable":true,"href":"https:\/\/saf-wien.at\/wpneu\/index.php\/wp-json\/wp\/v2\/users\/1"}],"replies":[{"embeddable":true,"href":"https:\/\/saf-wien.at\/wpneu\/index.php\/wp-json\/wp\/v2\/comments?post=630"}],"version-history":[{"count":0,"href":"https:\/\/saf-wien.at\/wpneu\/index.php\/wp-json\/wp\/v2\/posts\/630\/revisions"}],"wp:featuredmedia":[{"embeddable":true,"href":"https:\/\/saf-wien.at\/wpneu\/index.php\/wp-json\/wp\/v2\/posts\/620"}],"wp:attachment":[{"href":"https:\/\/saf-wien.at\/wpneu\/index.php\/wp-json\/wp\/v2\/media?parent=630"}],"wp:term":[{"taxonomy":"category","embeddable":true,"href":"https:\/\/saf-wien.at\/wpneu\/index.php\/wp-json\/wp\/v2\/categories?post=630"},{"taxonomy":"post_tag","embeddable":true,"href":"https:\/\/saf-wien.at\/wpneu\/index.php\/wp-json\/wp\/v2\/tags?post=630"}],"curies":[{"name":"wp","href":"https:\/\/api.w.org\/{rel}","templated":true}]}}