{"id":620,"date":"2017-11-14T20:22:52","date_gmt":"2017-11-14T20:22:52","guid":{"rendered":"https:\/\/saf-wien.at\/wpneu\/index.php\/2017\/11\/14\/siegerehrung-vereinsmeisterschaft-2017\/"},"modified":"2017-11-14T20:22:52","modified_gmt":"2017-11-14T20:22:52","slug":"siegerehrung-vereinsmeisterschaft-2017","status":"publish","type":"post","link":"https:\/\/saf-wien.at\/wpneu\/index.php\/2017\/11\/14\/siegerehrung-vereinsmeisterschaft-2017\/","title":{"rendered":"Siegerehrung Vereinsmeisterschaft 2017"},"content":{"rendered":"<p>Die Wettfahrten zur Vereinsmeisterschaft werden jedes Jahr von April bis September Montags ab 18 Uhr ausgetragen. <br \/><img decoding=\"async\" src=\"https:\/\/saf-wien.at\/wpneu\/wp-content\/uploads\/2022\/03\/Pokale_klein.jpg\" alt=\"Pokale f\u00fcr die Siegerehrung der Vereinsmeisterschaft 2017\" \/>2017 konnten leider nur 11 Wettfahrten durchgef\u00fchrt werden (das entspricht etwas weniger als einem Viertel der m\u00f6glichen Wettfahrten). Mehr lie\u00df vor allem der Wind nicht zu. Im Schnitt gab es je Wettfahrt 7 Teilnehmer. Der H\u00f6chststand betrug 11 Teilnehmer bei einer Wettfahrt Anfang Mai. Bis auf zwei Wettfahrten waren ausschlie\u00dflich Laser (Standard, Radial oder 4.7) auf der Bahn. Eine Wertung f\u00fcr Vorschoter kam \u00fcberhaupt nicht zu <br \/>Stande. <br \/><img decoding=\"async\" src=\"https:\/\/saf-wien.at\/wpneu\/wp-content\/uploads\/2022\/03\/GewinnerZuViert.jpg\" alt=\"Die ersten Vier der Gesamtwertung\" \/>Erster der Gesamtwertung und auch Sieger der G\u00e4stewertung war Gerhard Eder. Manfred Parthe hat f\u00fcr ihn stellvertretend den Pokal entgegengenommen. <br \/>Der Sieger der Vereinswertung war Clemens K\u00fcbber. Werner Kainacher als Dritter und Dieter Nunnenmacher als Vierter folgten mit gro\u00dfem Punkteabstand auf den weiteren Pl\u00e4tzen. <br \/>Das Gesamtergebnis ist bis zum Beginn der n\u00e4chsten Vereinsmeisterschaft <a href=\"http:\/\/www.saf-wien.at\/SAF\/ergebnisse\/saf-vm-ergebnisse.htm\">hier<\/a> zu finden.<\/p>\n","protected":false},"excerpt":{"rendered":"<p>Die Wettfahrten zur Vereinsmeisterschaft werden jedes Jahr von April bis September Montags ab 18 Uhr ausgetragen. 2017 konnten leider nur 11 Wettfahrten durchgef\u00fchrt werden (das entspricht etwas weniger als einem Viertel der m\u00f6glichen Wettfahrten). Mehr lie\u00df vor allem der Wind nicht zu. Im Schnitt gab es je Wettfahrt 7 Teilnehmer. Der H\u00f6chststand betrug 11 Teilnehmer &#8230; <a title=\"Siegerehrung Vereinsmeisterschaft 2017\" class=\"read-more\" href=\"https:\/\/saf-wien.at\/wpneu\/index.php\/2017\/11\/14\/siegerehrung-vereinsmeisterschaft-2017\/\" aria-label=\"Mehr Informationen \u00fcber Siegerehrung Vereinsmeisterschaft 2017\">Weiterlesen<\/a><\/p>\n","protected":false},"author":3,"featured_media":610,"comment_status":"open","ping_status":"open","sticky":false,"template":"","format":"standard","meta":{"footnotes":""},"categories":[1],"tags":[],"class_list":["post-620","post","type-post","status-publish","format-standard","has-post-thumbnail","hentry","category-uncategorized"],"_links":{"self":[{"href":"https:\/\/saf-wien.at\/wpneu\/index.php\/wp-json\/wp\/v2\/posts\/620","targetHints":{"allow":["GET"]}}],"collection":[{"href":"https:\/\/saf-wien.at\/wpneu\/index.php\/wp-json\/wp\/v2\/posts"}],"about":[{"href":"https:\/\/saf-wien.at\/wpneu\/index.php\/wp-json\/wp\/v2\/types\/post"}],"author":[{"embeddable":true,"href":"https:\/\/saf-wien.at\/wpneu\/index.php\/wp-json\/wp\/v2\/users\/3"}],"replies":[{"embeddable":true,"href":"https:\/\/saf-wien.at\/wpneu\/index.php\/wp-json\/wp\/v2\/comments?post=620"}],"version-history":[{"count":0,"href":"https:\/\/saf-wien.at\/wpneu\/index.php\/wp-json\/wp\/v2\/posts\/620\/revisions"}],"wp:featuredmedia":[{"embeddable":true,"href":"https:\/\/saf-wien.at\/wpneu\/index.php\/wp-json\/wp\/v2\/posts\/610"}],"wp:attachment":[{"href":"https:\/\/saf-wien.at\/wpneu\/index.php\/wp-json\/wp\/v2\/media?parent=620"}],"wp:term":[{"taxonomy":"category","embeddable":true,"href":"https:\/\/saf-wien.at\/wpneu\/index.php\/wp-json\/wp\/v2\/categories?post=620"},{"taxonomy":"post_tag","embeddable":true,"href":"https:\/\/saf-wien.at\/wpneu\/index.php\/wp-json\/wp\/v2\/tags?post=620"}],"curies":[{"name":"wp","href":"https:\/\/api.w.org\/{rel}","templated":true}]}}