{"id":610,"date":"2017-11-12T11:26:37","date_gmt":"2017-11-12T11:26:37","guid":{"rendered":"https:\/\/saf-wien.at\/wpneu\/index.php\/2017\/11\/12\/herbstsegeln\/"},"modified":"2017-11-12T11:26:37","modified_gmt":"2017-11-12T11:26:37","slug":"herbstsegeln","status":"publish","type":"post","link":"https:\/\/saf-wien.at\/wpneu\/index.php\/2017\/11\/12\/herbstsegeln\/","title":{"rendered":"Herbstsegeln"},"content":{"rendered":"<p>Die Tage werden k\u00fcrzer, die Temperaturen fallen. Was macht man da als Segler? Man f\u00e4hrt in den S\u00fcden und steigt auf ein Dickschiff, um so \u00fcber den Winter zu kommen.<\/p>\n<p><img decoding=\"async\" src=\"https:\/\/saf-wien.at\/wpneu\/wp-content\/uploads\/2022\/03\/IMG-20171104-WA0010.jpg\" alt=\"\" \/>Eugen macht es so \ud83d\ude42 Er ist jetzt in Barcelona. Sein gro\u00dfes Ziel ist die Teilnahme an der <a href=\"https:\/\/de.wikipedia.org\/wiki\/Mini-Transat\">Mini Transat<\/a> Regatta 2019. Eine Einhand-Regatta auf Nussschalenbooten von Frankreich quer \u00fcber den Atlantik nach Brasilien. <\/p>\n<p><img decoding=\"async\" src=\"https:\/\/saf-wien.at\/wpneu\/wp-content\/uploads\/2022\/03\/2017-11-12-11_57_51-GOPR7421_1510034408367_high-jpg-IrfanView-Zoom_-1161-x-871.png\" alt=\"\" \/>Die n\u00e4chste gro\u00dfe H\u00fcrde ist jedoch die Qualifikation, die 2018 ansteht. Und daf\u00fcr bereitet er sich jetzt hier, in der Training Base Barcelona, vor.<\/p>\n<p><img decoding=\"async\" src=\"https:\/\/saf-wien.at\/wpneu\/wp-content\/uploads\/2022\/03\/IMG-20171104-WA0012.jpg\" alt=\"\" \/>Hier sein Bericht \u00fcber die ersten Tage in Barcelona:  <\/p>\n<blockquote>\n<p>I had 3 days on the water out of which 2 were with the other Mini 6,50 boats and our coach Anna Corbella.<br \/> The plan was to exercise manouvers.  We had the support of a motor boat which was good given the base is in a busy harbour. <br \/>  I had good conditions during the training with breeze builing up to abt 15kn. Sunday was bad for me because of fatigue. The boat is very demanding physically and not forgiving when you do mistakes.<\/p>\n<\/blockquote>\n<p>Wir w\u00fcnschen Eugen viel Erfolg bei diesem Unternehmen und hoffen auf weitere Fotos von ihm und seiner Pogo 3.<\/p>\n","protected":false},"excerpt":{"rendered":"<p>Die Tage werden k\u00fcrzer, die Temperaturen fallen. Was macht man da als Segler? Man f\u00e4hrt in den S\u00fcden und steigt auf ein Dickschiff, um so \u00fcber den Winter zu kommen. Eugen macht es so \ud83d\ude42 Er ist jetzt in Barcelona. Sein gro\u00dfes Ziel ist die Teilnahme an der Mini Transat Regatta 2019. Eine Einhand-Regatta auf &#8230; <a title=\"Herbstsegeln\" class=\"read-more\" href=\"https:\/\/saf-wien.at\/wpneu\/index.php\/2017\/11\/12\/herbstsegeln\/\" aria-label=\"Mehr Informationen \u00fcber Herbstsegeln\">Weiterlesen<\/a><\/p>\n","protected":false},"author":1,"featured_media":600,"comment_status":"open","ping_status":"open","sticky":false,"template":"","format":"standard","meta":{"footnotes":""},"categories":[1],"tags":[],"class_list":["post-610","post","type-post","status-publish","format-standard","has-post-thumbnail","hentry","category-uncategorized"],"_links":{"self":[{"href":"https:\/\/saf-wien.at\/wpneu\/index.php\/wp-json\/wp\/v2\/posts\/610","targetHints":{"allow":["GET"]}}],"collection":[{"href":"https:\/\/saf-wien.at\/wpneu\/index.php\/wp-json\/wp\/v2\/posts"}],"about":[{"href":"https:\/\/saf-wien.at\/wpneu\/index.php\/wp-json\/wp\/v2\/types\/post"}],"author":[{"embeddable":true,"href":"https:\/\/saf-wien.at\/wpneu\/index.php\/wp-json\/wp\/v2\/users\/1"}],"replies":[{"embeddable":true,"href":"https:\/\/saf-wien.at\/wpneu\/index.php\/wp-json\/wp\/v2\/comments?post=610"}],"version-history":[{"count":0,"href":"https:\/\/saf-wien.at\/wpneu\/index.php\/wp-json\/wp\/v2\/posts\/610\/revisions"}],"wp:featuredmedia":[{"embeddable":true,"href":"https:\/\/saf-wien.at\/wpneu\/index.php\/wp-json\/wp\/v2\/posts\/600"}],"wp:attachment":[{"href":"https:\/\/saf-wien.at\/wpneu\/index.php\/wp-json\/wp\/v2\/media?parent=610"}],"wp:term":[{"taxonomy":"category","embeddable":true,"href":"https:\/\/saf-wien.at\/wpneu\/index.php\/wp-json\/wp\/v2\/categories?post=610"},{"taxonomy":"post_tag","embeddable":true,"href":"https:\/\/saf-wien.at\/wpneu\/index.php\/wp-json\/wp\/v2\/tags?post=610"}],"curies":[{"name":"wp","href":"https:\/\/api.w.org\/{rel}","templated":true}]}}