{"id":600,"date":"2017-11-08T20:11:15","date_gmt":"2017-11-08T20:11:15","guid":{"rendered":"https:\/\/saf-wien.at\/wpneu\/index.php\/2017\/11\/08\/laser-herbsttraining-in-campioe-del-garda\/"},"modified":"2017-11-08T20:11:15","modified_gmt":"2017-11-08T20:11:15","slug":"laser-herbsttraining-in-campioe-del-garda","status":"publish","type":"post","link":"https:\/\/saf-wien.at\/wpneu\/index.php\/2017\/11\/08\/laser-herbsttraining-in-campioe-del-garda\/","title":{"rendered":"Laser Herbsttraining in Campione del Garda"},"content":{"rendered":"<p><img decoding=\"async\" src=\"https:\/\/saf-wien.at\/wpneu\/wp-content\/uploads\/2022\/03\/IMG_20171103_130106805-816x459.jpg\" alt=\"\" \/><a href=\"https:\/\/de.wikipedia.org\/wiki\/Campione_del_Garda\">Campione<\/a> liegt auf dem Schwemmkegel des Sturzbachs San Michele ca. 20 km s\u00fcdlich von Riva am Westufer des Gardasees. Ein Ort, in dem heute ca. 120 Menschen dauerhaft leben und der bis 1930 nur mit dem Schiff erreichbar war. Fr\u00fcher waren es die Weber, die sich hier niedergelassen und mit Hilfe der Wasserkraft des Baches ihre Maschinen betrieben haben. Heute sind es die Segler und Surfer, die die gute Lage von Campione zu sch\u00e4tzen wissen und die Winde Vento und Ora nutzen m\u00f6chten.<\/p>\n<p><img decoding=\"async\" src=\"https:\/\/saf-wien.at\/wpneu\/wp-content\/uploads\/2022\/03\/2017-11-05-10_14_34-GOPR2655-MP4-VLC-media-player.jpg\" alt=\"\" \/>Das <a href=\"http:\/\/www.campioneunivela.it\/\">Univela Hostel<\/a> hat sich als italienisches Segel-Leistungszentrum auf die Beherbergung von Seglern und Surfern spezialisiert. Es liegt direkt am Fu\u00dfe einer ca. 160 Meter hohen Felswand (der Tiroler w\u00fcrde sagen: gute 4 Seil-L\u00e4ngen) und bietet alles an, was f\u00fcr ein Segeltraining notwendig ist. Gen\u00fcgend Platz f\u00fcr die Boote, ein Kran, Trockenr\u00e4ume f\u00fcr die nassen Segel-Klamotten und ein Kraftraum runden das Angebot ab. <\/p>\n<p><img decoding=\"async\" src=\"https:\/\/saf-wien.at\/wpneu\/wp-content\/uploads\/2022\/03\/IMG_20171102_132153778-816x459.jpg\" alt=\"\" \/>20 Lasersegler aller Altersgruppen haben sich hier, dem Ruf des Klassenh\u00e4uptlings &#8222;Jesus&#8220; Christian Schmid folgend, eingefunden, um die Saison ausklingen zu lassen. Oder besser: um die neue Saison sportlich zu beginnen. Von den Wiener Alten (= Master Segler) mit dabei diesmal Yvonne, Georg, J\u00f6rg und Andreas.<\/p>\n<p><img decoding=\"async\" src=\"https:\/\/saf-wien.at\/wpneu\/wp-content\/uploads\/2022\/03\/IMG_20171102_141321247-816x459.jpg\" alt=\"\" \/>Geboten wurde den Teilnehmern so allerlei, zu Wasser wie auch in der Luft. In der Luft waren es die Base Jumper, die sich an mehreren Abenden, kurz nach Einschlafen der Ora, die steile Felswand neben dem Segelzentrum herunterst\u00fcrzten und auf der Bootswiese landeten. Und die Wasserflugzeuge, die, um einen nahen Waldbrand bek\u00e4mpfen zu k\u00f6nnen, meist in direkter N\u00e4he zu den trainierenden Seglern im Gardasee landeten, um L\u00f6schwasser aufzunehmen.<\/p>\n<p><img decoding=\"async\" src=\"https:\/\/saf-wien.at\/wpneu\/wp-content\/uploads\/2022\/03\/2017-11-07-21_38_51-GOPR2654-MP4-VLC-media-player.jpg\" alt=\"\" \/>Der Wind am Wasser lie\u00df auch nicht mit sich lumpen. Gardasee eben. Nur am Nachmittag des ersten Tages hielt die Ora nicht, was sie versprach, und so konnte das ganze Team bei einem Kraft- und Koordinationstraining an der Kondition arbeiten. An den anderen Tagen viel Wind, oder eben sehr viel Wind. Drei Trainingsgruppen, geleitet von Ina Luschan, Christian Schmid und Andi Geritzer, konnten so jeden Tag 2 Trainingseinheiten am Wasser absolvieren.<\/p>\n<p><img decoding=\"async\" src=\"https:\/\/saf-wien.at\/wpneu\/wp-content\/uploads\/2022\/03\/IMG_20171030_111916775-816x459.jpg\" alt=\"\" \/>Zur\u00fcck zur eingangs gestellten Frage. War es nun das letzte Training im alten oder das erste im neuen Jahr? Einerlei! Es war super cool, wir haben viel Spass gehabt und wir haben wieder viel dabei gelernt. Und das ist das Wichtigste.<\/p>\n","protected":false},"excerpt":{"rendered":"<p>Campione liegt auf dem Schwemmkegel des Sturzbachs San Michele ca. 20 km s\u00fcdlich von Riva am Westufer des Gardasees. Ein Ort, in dem heute ca. 120 Menschen dauerhaft leben und der bis 1930 nur mit dem Schiff erreichbar war. Fr\u00fcher waren es die Weber, die sich hier niedergelassen und mit Hilfe der Wasserkraft des Baches &#8230; <a title=\"Laser Herbsttraining in Campione del Garda\" class=\"read-more\" href=\"https:\/\/saf-wien.at\/wpneu\/index.php\/2017\/11\/08\/laser-herbsttraining-in-campioe-del-garda\/\" aria-label=\"Mehr Informationen \u00fcber Laser Herbsttraining in Campione del Garda\">Weiterlesen<\/a><\/p>\n","protected":false},"author":1,"featured_media":590,"comment_status":"open","ping_status":"open","sticky":false,"template":"","format":"standard","meta":{"footnotes":""},"categories":[1],"tags":[],"class_list":["post-600","post","type-post","status-publish","format-standard","has-post-thumbnail","hentry","category-uncategorized"],"_links":{"self":[{"href":"https:\/\/saf-wien.at\/wpneu\/index.php\/wp-json\/wp\/v2\/posts\/600","targetHints":{"allow":["GET"]}}],"collection":[{"href":"https:\/\/saf-wien.at\/wpneu\/index.php\/wp-json\/wp\/v2\/posts"}],"about":[{"href":"https:\/\/saf-wien.at\/wpneu\/index.php\/wp-json\/wp\/v2\/types\/post"}],"author":[{"embeddable":true,"href":"https:\/\/saf-wien.at\/wpneu\/index.php\/wp-json\/wp\/v2\/users\/1"}],"replies":[{"embeddable":true,"href":"https:\/\/saf-wien.at\/wpneu\/index.php\/wp-json\/wp\/v2\/comments?post=600"}],"version-history":[{"count":0,"href":"https:\/\/saf-wien.at\/wpneu\/index.php\/wp-json\/wp\/v2\/posts\/600\/revisions"}],"wp:featuredmedia":[{"embeddable":true,"href":"https:\/\/saf-wien.at\/wpneu\/index.php\/wp-json\/wp\/v2\/posts\/590"}],"wp:attachment":[{"href":"https:\/\/saf-wien.at\/wpneu\/index.php\/wp-json\/wp\/v2\/media?parent=600"}],"wp:term":[{"taxonomy":"category","embeddable":true,"href":"https:\/\/saf-wien.at\/wpneu\/index.php\/wp-json\/wp\/v2\/categories?post=600"},{"taxonomy":"post_tag","embeddable":true,"href":"https:\/\/saf-wien.at\/wpneu\/index.php\/wp-json\/wp\/v2\/tags?post=600"}],"curies":[{"name":"wp","href":"https:\/\/api.w.org\/{rel}","templated":true}]}}