{"id":590,"date":"2017-10-28T18:02:58","date_gmt":"2017-10-28T18:02:58","guid":{"rendered":"https:\/\/saf-wien.at\/wpneu\/index.php\/2017\/10\/28\/grosser-herbstpreis-2017\/"},"modified":"2017-10-28T18:02:58","modified_gmt":"2017-10-28T18:02:58","slug":"grosser-herbstpreis-2017","status":"publish","type":"post","link":"https:\/\/saf-wien.at\/wpneu\/index.php\/2017\/10\/28\/grosser-herbstpreis-2017\/","title":{"rendered":"Gro\u00dfer Herbstpreis 2017"},"content":{"rendered":"<p>Wer von euch alten Hasen kann sich noch an ihn erinnern &#8230; an den 7er Cup. Jener Regattaserie, die nach sieben k\u00e4ltetrotzenden Seglern benannt wurde, die sich an der alten Donau getroffen haben, um das Ende der Saison mit einer Wettfahrt zu begehen. Und die dann abwechselnd von den Clubs, die an der alten Donau beheimatet waren, durchgef\u00fchrt wurde. Nat\u00fcrlich auch vom SAF, der ja urspr\u00fcnglich an der alten Donau beheimatet war. Grundidee war ein gemeinsames sportliches Absegeln der Segelsch\u00fcler der Segelschule Hofbauer und der Regattasegler der anliegenden Clubs.<\/p>\n<p>Der 7er Cup ist Geschichte, er wurde vom Gro\u00dfen Herbstpreis des Segelzentrums Wien abgel\u00f6st. Geblieben ist die Idee des gemeinsamen Absegeln der Segelsch\u00fcler, hier die der Segelschule Dibl, mit den Regattaseglern der ScAMS, des SAF und G\u00e4sten aus der Region. Geblieben ist auch der Austragungsmodus, die beiden hier ans\u00e4ssigen Clubs wechseln sich immer mit der Durchf\u00fchrung ab. Und geblieben ist die Beliebtheit dieser Regatta. <br \/><img decoding=\"async\" src=\"https:\/\/saf-wien.at\/wpneu\/wp-content\/uploads\/2022\/03\/SZW_Herbst2017_8745.jpg\" alt=\"viele Segelboote\" title=\"\" \/>Mit fast 40 Booten war der diesj\u00e4hrige Herbstpreis wieder die teilnehmerst\u00e4rkste Segelveranstaltung in Wien.<\/p>\n<p><img decoding=\"async\" src=\"https:\/\/saf-wien.at\/wpneu\/wp-content\/uploads\/2022\/03\/SZW_Herbst2017_8785.jpg\" alt=\"Sieger der Gesamtwertung\" title=\"\" \/>In der Gesamtwertung konnte sich (wie schon so oft) bei wundersch\u00f6nem Herbstwetter Marke Altweibersommer und leichtem Nordwestwind der Kaiser der neuen Donau, Markus Kerschbaum, vor MartL Martin Lehner durchsetzen. <\/p>\n<p><img decoding=\"async\" src=\"https:\/\/saf-wien.at\/wpneu\/wp-content\/uploads\/2022\/03\/SZW_Herbst2017_8777.jpg\" alt=\"Pirat und SuperTiki\" title=\"\" \/>F\u00fcr den SAF hatten diesmal (noch) die alten Hasen die Nase vorne. Albert und Dieter konnten sich deutlich im Pirat vor Alex im Laser platzieren. Aber die Jugend, allen voran Clemens, der gemeinsam mit Andreas zum Saisonabschluss die SuperTiki zum ersten Mal regattam\u00e4\u00dfig ausf\u00fchrte, und Philipp im Laser sind schon dabei, an der Vormachtstellung unserer alten Hasen zu kratzen.<\/p>\n<p>Der Herbstpreis war die letzte heimische Regatta in diesem Jahr und ein wundersch\u00f6ner Saisonabschluss nach einer spannenden und ereignisreichen Saison. <br \/>Clemens, Andi und ich fahren jetzt weiter zu einem Trainingskurs am Gardasee. Die neue Saison hat schon fast wieder begonnen \ud83d\ude09<\/p>\n<p>Die Ergebnisliste des Gro\u00dfen Herbstpreises finden Sie <a href=\"https:\/\/regatta365.com\/stream\/results\/file\/2563.pdf\/name\/Herbstpreis%20Segelzentrum%20WienErgebnisse_Yardstick.pdf\">hier<\/a>, weitere Bilder <a href=\"http:\/\/scams.at\/nc\/galerie\/photos\/?tx_filelist_filelist%5Bpath%5D=%2Ffiles%2FBilder%2F2017_5_Herbstpreis_SZW%2F&amp;tx_filelist_filelist%5Baction%5D=list&amp;tx_filelist_filelist%5Bcontroller%5D=File&amp;cHash=b146fc20319c6414a57c20df998ad680.\">hier<\/a><\/p>\n","protected":false},"excerpt":{"rendered":"<p>Wer von euch alten Hasen kann sich noch an ihn erinnern &#8230; an den 7er Cup. Jener Regattaserie, die nach sieben k\u00e4ltetrotzenden Seglern benannt wurde, die sich an der alten Donau getroffen haben, um das Ende der Saison mit einer Wettfahrt zu begehen. Und die dann abwechselnd von den Clubs, die an der alten Donau &#8230; <a title=\"Gro\u00dfer Herbstpreis 2017\" class=\"read-more\" href=\"https:\/\/saf-wien.at\/wpneu\/index.php\/2017\/10\/28\/grosser-herbstpreis-2017\/\" aria-label=\"Mehr Informationen \u00fcber Gro\u00dfer Herbstpreis 2017\">Weiterlesen<\/a><\/p>\n","protected":false},"author":1,"featured_media":580,"comment_status":"open","ping_status":"open","sticky":false,"template":"","format":"standard","meta":{"footnotes":""},"categories":[1],"tags":[],"class_list":["post-590","post","type-post","status-publish","format-standard","has-post-thumbnail","hentry","category-uncategorized"],"_links":{"self":[{"href":"https:\/\/saf-wien.at\/wpneu\/index.php\/wp-json\/wp\/v2\/posts\/590","targetHints":{"allow":["GET"]}}],"collection":[{"href":"https:\/\/saf-wien.at\/wpneu\/index.php\/wp-json\/wp\/v2\/posts"}],"about":[{"href":"https:\/\/saf-wien.at\/wpneu\/index.php\/wp-json\/wp\/v2\/types\/post"}],"author":[{"embeddable":true,"href":"https:\/\/saf-wien.at\/wpneu\/index.php\/wp-json\/wp\/v2\/users\/1"}],"replies":[{"embeddable":true,"href":"https:\/\/saf-wien.at\/wpneu\/index.php\/wp-json\/wp\/v2\/comments?post=590"}],"version-history":[{"count":0,"href":"https:\/\/saf-wien.at\/wpneu\/index.php\/wp-json\/wp\/v2\/posts\/590\/revisions"}],"wp:featuredmedia":[{"embeddable":true,"href":"https:\/\/saf-wien.at\/wpneu\/index.php\/wp-json\/wp\/v2\/posts\/580"}],"wp:attachment":[{"href":"https:\/\/saf-wien.at\/wpneu\/index.php\/wp-json\/wp\/v2\/media?parent=590"}],"wp:term":[{"taxonomy":"category","embeddable":true,"href":"https:\/\/saf-wien.at\/wpneu\/index.php\/wp-json\/wp\/v2\/categories?post=590"},{"taxonomy":"post_tag","embeddable":true,"href":"https:\/\/saf-wien.at\/wpneu\/index.php\/wp-json\/wp\/v2\/tags?post=590"}],"curies":[{"name":"wp","href":"https:\/\/api.w.org\/{rel}","templated":true}]}}