{"id":580,"date":"2017-10-15T20:51:10","date_gmt":"2017-10-15T20:51:10","guid":{"rendered":"https:\/\/saf-wien.at\/wpneu\/index.php\/2017\/10\/15\/laser-4-7-osterreichische-klassenmeisterschaft-in-wien\/"},"modified":"2017-10-15T20:51:10","modified_gmt":"2017-10-15T20:51:10","slug":"laser-4-7-osterreichische-klassenmeisterschaft-in-wien","status":"publish","type":"post","link":"https:\/\/saf-wien.at\/wpneu\/index.php\/2017\/10\/15\/laser-4-7-osterreichische-klassenmeisterschaft-in-wien\/","title":{"rendered":"Laser 4.7 \u00f6sterreichische Klassenmeisterschaft in Wien"},"content":{"rendered":"<p>Zum ersten Mal wurde sie durchgef\u00fchrt: eine &#8222;richtige&#8220; \u00f6sterreichische Laser 4.7 Klassenmeisterschaft. <\/p>\n<p><img decoding=\"async\" src=\"https:\/\/saf-wien.at\/wpneu\/wp-content\/uploads\/2022\/03\/IMG_0523.jpg\" alt=\"\" \/>Gegeben hat es sie nat\u00fcrlich schon \u00f6fters, aber immer nur als &#8222;Anh\u00e4ngsel&#8220; zur \u00f6sterreichischen Europacup Regatta und nie als eigenst\u00e4ndiger Bewerb. Das war auch damals so, 2008 und 2009, als Barbara 2 mal den Titel des \u00f6sterreichischen Klassenmeisters f\u00fcr den SAF ersegeln konnte. Dazwischen gab es aber auch Jahre, in denen der Titel gar nicht vergeben wurde, da kein einziger \u00f6sterreichischer Segler an einer Laser 4.7 Teilnahme Interesse hatte.<\/p>\n<p><img decoding=\"async\" src=\"https:\/\/saf-wien.at\/wpneu\/wp-content\/uploads\/2022\/03\/IMG_0525.jpg\" alt=\"\" \/>Heuer aber war alles anders. Mit der Entscheidung der ILCA, der internationalen Laser Klassenvereinigung, an \u00d6sterreich in diesem Jahr keine Europacup Regatta zu vergeben, musste ein anderer Austragungsort gesucht werden. Mit der Neuen Donau wurde ein Revier und mit unserem Nachbarclub, der <a href=\"http:\/\/scams.at\">SCAMs<\/a>, ein ausrichtender Verein gefunden.<\/p>\n<p><img decoding=\"async\" src=\"https:\/\/saf-wien.at\/wpneu\/wp-content\/uploads\/2022\/03\/IMG_0420.jpg\" alt=\"\" \/>Geworden ist es eine Werbeveranstaltung. F\u00fcr das Segelrevier Neue Donau, das sich bei herrlichem Herbstwetter und schwierigen, aber trotzdem idealen Windbedingungen als perfektes Revier pr\u00e4sentieren konnte. Ein \u00fcberaus attraktives Revier auch f\u00fcr die Zuseher, denn wo kann man sonst noch dem Wettfahrtleiter so direkt \u00fcber die Schulter schauen.<\/p>\n<p><img decoding=\"async\" src=\"https:\/\/saf-wien.at\/wpneu\/wp-content\/uploads\/2022\/03\/webacc.jpg\" alt=\"\" \/>Eine Werbung aber auch f\u00fcr die Laser 4.7 Segler, die heuer gezeigt haben, dass es durchaus Sinn macht, einen eigenen Bewerb f\u00fcr sie zu veranstalten. <br \/>Und f\u00fcr die Segler des SAF, die mit Clemens, Philipp und Anastasia die ersten Pl\u00e4tze erringen konnten.<\/p>\n<p>Eine vollst\u00e4ndige Ergebnisliste der 4.7 Klassenmeisterschaft finden Sie <a href=\"https:\/\/regatta365.com\/stream\/results\/file\/2914.pdf\/name\/Marine%20Service%20Cup%20-%20KLM%20Laser%204.7Ergebnisse_Laser%204%207.pdf\">hier<\/a>, <br \/>die Ergebnisliste des Marine Service Cups f\u00fcr Laser Standard, der am gleichen Wochenende ausgetragen wurde, <a href=\"https:\/\/regatta365.com\/stream\/results\/file\/2584.pdf\/name\/Marine%20Service%20Cup%20-%20KLM%20Laser%204.7Ergebnisse_Laser.pdf\">hier<\/a>.<\/p>\n","protected":false},"excerpt":{"rendered":"<p>Zum ersten Mal wurde sie durchgef\u00fchrt: eine &#8222;richtige&#8220; \u00f6sterreichische Laser 4.7 Klassenmeisterschaft. Gegeben hat es sie nat\u00fcrlich schon \u00f6fters, aber immer nur als &#8222;Anh\u00e4ngsel&#8220; zur \u00f6sterreichischen Europacup Regatta und nie als eigenst\u00e4ndiger Bewerb. Das war auch damals so, 2008 und 2009, als Barbara 2 mal den Titel des \u00f6sterreichischen Klassenmeisters f\u00fcr den SAF ersegeln konnte. &#8230; <a title=\"Laser 4.7 \u00f6sterreichische Klassenmeisterschaft in Wien\" class=\"read-more\" href=\"https:\/\/saf-wien.at\/wpneu\/index.php\/2017\/10\/15\/laser-4-7-osterreichische-klassenmeisterschaft-in-wien\/\" aria-label=\"Mehr Informationen \u00fcber Laser 4.7 \u00f6sterreichische Klassenmeisterschaft in Wien\">Weiterlesen<\/a><\/p>\n","protected":false},"author":1,"featured_media":570,"comment_status":"open","ping_status":"open","sticky":false,"template":"","format":"standard","meta":{"footnotes":""},"categories":[1],"tags":[],"class_list":["post-580","post","type-post","status-publish","format-standard","has-post-thumbnail","hentry","category-uncategorized"],"_links":{"self":[{"href":"https:\/\/saf-wien.at\/wpneu\/index.php\/wp-json\/wp\/v2\/posts\/580","targetHints":{"allow":["GET"]}}],"collection":[{"href":"https:\/\/saf-wien.at\/wpneu\/index.php\/wp-json\/wp\/v2\/posts"}],"about":[{"href":"https:\/\/saf-wien.at\/wpneu\/index.php\/wp-json\/wp\/v2\/types\/post"}],"author":[{"embeddable":true,"href":"https:\/\/saf-wien.at\/wpneu\/index.php\/wp-json\/wp\/v2\/users\/1"}],"replies":[{"embeddable":true,"href":"https:\/\/saf-wien.at\/wpneu\/index.php\/wp-json\/wp\/v2\/comments?post=580"}],"version-history":[{"count":0,"href":"https:\/\/saf-wien.at\/wpneu\/index.php\/wp-json\/wp\/v2\/posts\/580\/revisions"}],"wp:featuredmedia":[{"embeddable":true,"href":"https:\/\/saf-wien.at\/wpneu\/index.php\/wp-json\/wp\/v2\/posts\/570"}],"wp:attachment":[{"href":"https:\/\/saf-wien.at\/wpneu\/index.php\/wp-json\/wp\/v2\/media?parent=580"}],"wp:term":[{"taxonomy":"category","embeddable":true,"href":"https:\/\/saf-wien.at\/wpneu\/index.php\/wp-json\/wp\/v2\/categories?post=580"},{"taxonomy":"post_tag","embeddable":true,"href":"https:\/\/saf-wien.at\/wpneu\/index.php\/wp-json\/wp\/v2\/tags?post=580"}],"curies":[{"name":"wp","href":"https:\/\/api.w.org\/{rel}","templated":true}]}}