{"id":570,"date":"2017-10-08T20:12:06","date_gmt":"2017-10-08T20:12:06","guid":{"rendered":"https:\/\/saf-wien.at\/wpneu\/index.php\/2017\/10\/08\/laser-jugend-staatsmeisterschaft-die-zweite-2\/"},"modified":"2017-10-08T20:12:06","modified_gmt":"2017-10-08T20:12:06","slug":"laser-jugend-staatsmeisterschaft-die-zweite-2","status":"publish","type":"post","link":"https:\/\/saf-wien.at\/wpneu\/index.php\/2017\/10\/08\/laser-jugend-staatsmeisterschaft-die-zweite-2\/","title":{"rendered":"Laser Jugend Staatsmeisterschaft, die Zweite &#8230;"},"content":{"rendered":"<p>Im August, bei der <a href=\"https:\/\/safblog.azurewebsites.net\/ghost\/54\/\">ersten Auflage der \u00f6sterreichischen Jugend Staatsmeisterschaft<\/a>, war es hei\u00df und windlos. Gut, hei\u00df ist es im Burgenland, am Neusiedlersee, \u00f6fters. Aber windlos, eine ganze Woche lang? Das ist eher selten. <br \/>Jetzt, bei der Wiederholung, war es kalt, regnerisch &#8230; und windig. Na ja, kalt und regnerisch ist es hier am Attersee meistens, man denke nur an den ber\u00fchmen salzburger Schn\u00fcrdlregen. Aber Wind? Alte Hasen &#8211; oder sollte man hier von Seeb\u00e4ren sprechen &#8211; k\u00f6nnen sich sicherlich an ein gar seltenes Wetterph\u00e4nomen, den Rosenwind, erinnern. Ein Ph\u00e4nomen, das aber kaum jemals bei Regatten auftritt. Auch sonstige Winde wurden durchaus beobachtet, aber eben eher selten. <br \/>Heuer ist (oder war) aber alles anders. Die Flaute in Breitenbrunn ebenso wie der Wind in Attersee. Und das kombiniert mit einer Wettfahrtleitung, die es sich offensichtlich zum Ziel gesetzt hat, den Laser-Jugendlichen ein Maximun an Segelzeit zu erm\u00f6glichen. <br \/>Aber fangen wir von vorne an, dem Freitag. Registrierung, Vermessung, dann raus aufs Wasser f\u00fcr Clemens und Philipp, die SAF Vorhut. 2 Wettfahrten k\u00f6nnen bei mehr als 20 kn Westwind gesegelt werden, die 3. wird abgebrochen. \u00dcber 5 Stunden hat das Ganze aber trotzdem gedauert. <br \/>Samstag kommen dann Anastasia und J\u00f6rg dazu. Anastasia steigt in die Jugend Staatsmeiterschaft mit etwas Versp\u00e4tung ein, f\u00fcr J\u00f6rg gibt es einen Laser Schwerpunkt am Wochenende. Der Wind h\u00e4lt sich nicht an die Prognose, wird deutlich leichter, aber mit steiler Welle, vielen Drehern, L\u00f6chern und B\u00f6en ziemlich trickreich zu segeln. 4 Wettfahrten gehen sich aus, ganze 7 Stunden war die Laser Flotte am Wasser. <br \/>Der Sonntag ein feuchter Abklatsch des Samstags. Waren am Samstag Nachmittag noch einiges an Sonnenstrahlen zu sehen, ist jetzt der Regen zur\u00fcckgekehrt. 4 Stunden Wasserzeit (im wahrsten Sinn des Wortes), 1 Wettfahrt gesegelt, eine abgebrochen.<\/p>\n<p><img decoding=\"async\" src=\"https:\/\/saf-wien.at\/wpneu\/wp-content\/uploads\/2022\/03\/IMG_20171008_143224562_HDR-816x459.jpg\" alt=\"\" \/>Clemens kann eine gute Serie segeln, mit konstanten Pl\u00e4tzen unter den Top 10 und wird mit einem 8. Platz belohnt. Philipp schl\u00e4gt sich f\u00fcr seine 2. Regatta extrem super. Der Wind war leider etwas zu viel, daf\u00fcr sein Gewicht zu wenig. Anastasia schafft es sogar aufs Treppchen. Sie holt sich die Bronzene bei den M\u00e4dchen. Soweit ich mich erinnern kann war es Sabine Knapp, die als letzte SAF-Seglerin eine Medaillie bei einer Jugend Staatsmeisterschaft, damals in der Europe, gewinnen konnte. Wann war das?<\/p>\n<p>Zum Nachlesen: Der <a href=\"https:\/\/regatta365.com\/stream\/reports\/file\/2919.pdf\/name\/%C3%96sterreichische%20Jugendmeisterschaft_Berichte_Laser%20Radial%20-%20Damen_.pdf\">offizielle Ragattabericht<\/a> des Union Yacht Club Attersee, <br \/>die Ergebnislisten f\u00fcr die Jugend Staatsmeiterschaft <a href=\"https:\/\/regatta365.com\/stream\/results\/file\/2920.pdf\/name\/%C3%96sterreichische%20JugendmeisterschaftErgebnisse_Laser%20Radial%20-%20Herren.pdf\">Laser Radial Herren<\/a> und <a href=\"https:\/\/regatta365.com\/stream\/results\/file\/2919.pdf\/name\/%C3%96sterreichische%20JugendmeisterschaftErgebnisse_Laser%20Radial%20-%20Damen.pdf\">Damen<\/a> sowie der <a href=\"https:\/\/regatta365.com\/stream\/results\/file\/2718.pdf\/name\/Dinghy%20Season%20ClosingErgebnisse_Laser%20Radial.pdf\">Laser Radial Schwerpunktregatta<\/a>.<\/p>\n<p>N\u00e4chste Woche geht es dann weiter mit der Laser 4.7 Klassenmeisterschaft. Bei uns auf der Rinne. Ich freue mich schon.<\/p>\n<p>PS: Sorry wegen der wenigen Bilder. Vor lauter Regattastress, Regen und kalter Finger bin ich diesmal leider nicht dazu gekommen, mich mehr auf das Fotografieren zu konzentrieren.<\/p>\n","protected":false},"excerpt":{"rendered":"<p>Im August, bei der ersten Auflage der \u00f6sterreichischen Jugend Staatsmeisterschaft, war es hei\u00df und windlos. Gut, hei\u00df ist es im Burgenland, am Neusiedlersee, \u00f6fters. Aber windlos, eine ganze Woche lang? Das ist eher selten. Jetzt, bei der Wiederholung, war es kalt, regnerisch &#8230; und windig. Na ja, kalt und regnerisch ist es hier am Attersee &#8230; <a title=\"Laser Jugend Staatsmeisterschaft, die Zweite &#8230;\" class=\"read-more\" href=\"https:\/\/saf-wien.at\/wpneu\/index.php\/2017\/10\/08\/laser-jugend-staatsmeisterschaft-die-zweite-2\/\" aria-label=\"Mehr Informationen \u00fcber Laser Jugend Staatsmeisterschaft, die Zweite &#8230;\">Weiterlesen<\/a><\/p>\n","protected":false},"author":1,"featured_media":560,"comment_status":"open","ping_status":"open","sticky":false,"template":"","format":"standard","meta":{"footnotes":""},"categories":[1],"tags":[],"class_list":["post-570","post","type-post","status-publish","format-standard","has-post-thumbnail","hentry","category-uncategorized"],"_links":{"self":[{"href":"https:\/\/saf-wien.at\/wpneu\/index.php\/wp-json\/wp\/v2\/posts\/570","targetHints":{"allow":["GET"]}}],"collection":[{"href":"https:\/\/saf-wien.at\/wpneu\/index.php\/wp-json\/wp\/v2\/posts"}],"about":[{"href":"https:\/\/saf-wien.at\/wpneu\/index.php\/wp-json\/wp\/v2\/types\/post"}],"author":[{"embeddable":true,"href":"https:\/\/saf-wien.at\/wpneu\/index.php\/wp-json\/wp\/v2\/users\/1"}],"replies":[{"embeddable":true,"href":"https:\/\/saf-wien.at\/wpneu\/index.php\/wp-json\/wp\/v2\/comments?post=570"}],"version-history":[{"count":0,"href":"https:\/\/saf-wien.at\/wpneu\/index.php\/wp-json\/wp\/v2\/posts\/570\/revisions"}],"wp:featuredmedia":[{"embeddable":true,"href":"https:\/\/saf-wien.at\/wpneu\/index.php\/wp-json\/wp\/v2\/posts\/560"}],"wp:attachment":[{"href":"https:\/\/saf-wien.at\/wpneu\/index.php\/wp-json\/wp\/v2\/media?parent=570"}],"wp:term":[{"taxonomy":"category","embeddable":true,"href":"https:\/\/saf-wien.at\/wpneu\/index.php\/wp-json\/wp\/v2\/categories?post=570"},{"taxonomy":"post_tag","embeddable":true,"href":"https:\/\/saf-wien.at\/wpneu\/index.php\/wp-json\/wp\/v2\/tags?post=570"}],"curies":[{"name":"wp","href":"https:\/\/api.w.org\/{rel}","templated":true}]}}