{"id":560,"date":"2017-10-02T16:18:32","date_gmt":"2017-10-02T16:18:32","guid":{"rendered":"https:\/\/saf-wien.at\/wpneu\/index.php\/2017\/10\/02\/laser-master-weltmeisterschaft-split-2017\/"},"modified":"2017-10-02T16:18:32","modified_gmt":"2017-10-02T16:18:32","slug":"laser-master-weltmeisterschaft-split-2017","status":"publish","type":"post","link":"https:\/\/saf-wien.at\/wpneu\/index.php\/2017\/10\/02\/laser-master-weltmeisterschaft-split-2017\/","title":{"rendered":"Laser Master Weltmeisterschaft Split 2017"},"content":{"rendered":"<p><img decoding=\"async\" src=\"https:\/\/saf-wien.at\/wpneu\/wp-content\/uploads\/2022\/03\/IMG_20170920_174301010-816x459-1.jpg\" alt=\"\" \/>Am Ende des Segeljahres sind es die Alten, oder sch\u00f6ner gesagt die Masters, die nach Split gekommen sind, um ihre Meister zu kr\u00f6nen.  <\/p>\n<p><img decoding=\"async\" src=\"https:\/\/saf-wien.at\/wpneu\/wp-content\/uploads\/2022\/03\/IMG_20170919_190815893-816x459.jpg\" alt=\"\" \/>Mehr als 350 Laser Segler aller Altersstufen, von 35 bis 80, aus \u00fcber 30 Nationen und 5 Kontinenten <br \/>sind mit von der Partie. <br \/><img decoding=\"async\" src=\"https:\/\/saf-wien.at\/wpneu\/wp-content\/uploads\/2022\/03\/IMG_20170929_121724304_HDR-816x459.jpg\" alt=\"\" \/>F\u00fcr den SAF sind 3 Segler dabei: Helga, Werner und J\u00f6rg. <\/p>\n<p><img decoding=\"async\" src=\"https:\/\/saf-wien.at\/wpneu\/wp-content\/uploads\/2022\/03\/IMG_20170923_191936379_HDR-816x459.jpg\" alt=\"\" \/>Er\u00f6ffnung mit Gesang. Ganz Split steht im Zeichen der Master-Segler, die die Stars der Laser Standard WM abgel\u00f6st haben.<\/p>\n<p><img decoding=\"async\" src=\"https:\/\/saf-wien.at\/wpneu\/wp-content\/uploads\/2022\/03\/IMG_20170924_152905478-816x459.jpg\" alt=\"\" \/>Langsamer Beginn. 2 Flautentage fesseln die Oldies an Land und verurteilen sie zur Unt\u00e4tigkeit.<\/p>\n<p><img decoding=\"async\" src=\"https:\/\/saf-wien.at\/wpneu\/wp-content\/uploads\/2022\/03\/IMG_20170929_102513917_HDR-816x459.jpg\" alt=\"\" \/>Ein Bilderr\u00e4tsel: was ist auf diesem Bild zu sehen. <br \/>Hinweis: die Segler haben das die letzten 2 Tage gesehen. <br \/>Aufl\u00f6sung:<\/p>\n<ul>\n<li>die Flaggenreihe links: Laserflagge \u00fcber Signalflagge &#8222;A&#8220; und &#8222;G&#8220;. Bedeutet: die Laser Standard Fleet, die auf Bahn A segelt, darf nicht auslaufen<\/li>\n<li>die Flaggenreihe rechts: Laser Radial \u00fcber den Signalflaggen &#8222;B&#8220; und &#8222;G&#8220;. Bedeutet: die Radial Fleet, die auf Bahn B segelt, darf auch nicht auslaufen. <\/li>\n<li>Mitte: &#8222;L&#8220;: eine Benachrichtigung am schwarzen Brett. Dort steht dann der Zeitpunkt des n\u00e4chsten Stsrtversuches. Am 2. Tag wurden diese Flaggen bereits zu Mittag gesetzt. <\/li>\n<\/ul>\n<p><img decoding=\"async\" src=\"https:\/\/saf-wien.at\/wpneu\/wp-content\/uploads\/2022\/03\/IMG_20170921_161412468-816x459.jpg\" alt=\"\" \/>Zeit genug, um die nassen Segelklamotten vom Training zu trocknen.<\/p>\n<p><img decoding=\"async\" src=\"https:\/\/saf-wien.at\/wpneu\/wp-content\/uploads\/2022\/03\/IMG_20170924_122155858-816x459.jpg\" alt=\"\" \/>Am 3. Tag gehts endlich los. Die &#8222;G&#8220; wird gestrichen. Die Segler d\u00fcrfen raus, die WM beginnt. Mit leichtem Wind und Kabbelwelle. Klingt einfach, ist aber gar nicht so leicht zu segeln.<\/p>\n<p><img decoding=\"async\" src=\"https:\/\/saf-wien.at\/wpneu\/wp-content\/uploads\/2022\/03\/IMG_20170927_110411394-816x459.jpg\" alt=\"\" \/>3 Wettfahrten am 3. Tag, 2 am 4. und eine am 5. Wettkampftag. Alle bei leichtem, thermischen Nordwestwind, der meist so gegen 14 Uhr einsetzt. <br \/>Der vorletzte Tag beschert uns noch einen unplanm\u00e4\u00dfigen Ruhetag. Auch der letzte Tag beginnt nicht erfolgversprechend. Viele Segler reisen schon ab, die verbliebenen werden hinausgeschickt. Es folgen einige erfolglose Startversuche, die alle wegen mangelndem Windes wieder abgebrochen werden m\u00fcssen. Kurz vor Erreichen der letzten Startm\u00f6glichkeit baut sich aber doch noch eine stabile Thermik mit \u00fcber 12 Knoten auf und beschert allen, die geblieben sind, die wahrscheinlich sch\u00f6nste Wettfahrt der Serie. Die SAF Segler k\u00f6nnen alle an diesem Tag ihr bestes Ergebnis einfahren.<\/p>\n<p><img decoding=\"async\" src=\"https:\/\/saf-wien.at\/wpneu\/wp-content\/uploads\/2022\/03\/IMG_20170925_165701263_crop_494x416.jpg\" alt=\"\" \/><strong>Fazit:<\/strong> eine Schwachwind-WM hat immer ihre eigenen Gesetze. Fast wie im Skifahren. W\u00e4hrend es in Kitzb\u00fchel, wenn der Hang steil und die Piste eisig ist, nur eine Handvoll Sieganw\u00e4rter gibt, schaut die Situation bei flacher Piste und weichem Schnee schon ganz anders aus. Den Kroaten Tonci Stepanovic, Silbermedaillengewinner von Rio, hat es bei der Standard WM erwischt. Vor der WM in seinem Heimatrevier als Top Favorit gehandelt musste er sich dann mit einem Platz im geschlagenen Feld begn\u00fcgen.Martin Lehner, einer der besten \u00f6sterreichischen Laser Segler und 3. der Master-EM im Vorjahr auf Hvar, war mit gro\u00dfen Ambitionen nach Split gekommen. Bei starkem Wind, wie er in Split durchaus zu erwarten war, w\u00e4re schon einiges m\u00f6glich gewesen. So blieb leider auch bei ihm der Erfolg weit hinter den Erwartungen zur\u00fcck. <br \/><strong>Fazit 2:<\/strong> wie schauts aus aus Sicht des SAF? Eine EM und noch mehr eine WM wird auf deutlich h\u00f6herem Niveau gesegelt als ein Europacup oder die Regatten in \u00d6sterreich. Ist man im Europacup nicht in der Spitzengruppe mit dabei, ist ein Platz im ersten Drittel bei einer WM kaum m\u00f6glich. In diesem Sinne war also f\u00fcr keinen der SAF Segler ein Spitzenplatz zu erwarten. Nimmt man aber die Erfahrung, die wir durch das Segeln in einem gro\u00dfen, internationalen Feld gewonnen haben, als Ma\u00df, so kann man diese WM sicherlich als gro\u00dfen Erfolg verbuchen.Die Fahrt geht weiter, vielleicht zur n\u00e4chsten WM 2018 in Dublin.<\/p>\n<p>Wir sind n\u00e4chste Woche am Attersee, bei der Wiederholung der Jugend Staatsmeisterschaft im Laser Radial.<\/p>\n<p>Bilder der Laser Master WM finden sie <a href=\"https:\/\/laserworlds2017.com\/gallery\/\">hier<\/a> und <a href=\"https:\/\/www.facebook.com\/pg\/laserworlds2017\/photos\/?tab=albums\">hier<\/a>, ein super Bild von Helga <a href=\"https:\/\/www.facebook.com\/laserworlds2017\/photos\/a.708353932693434.1073741845.603630013165827\/708354979359996\/?type=3&amp;theater\">hier<\/a>.<\/p>\n<p>Die vollst\u00e4ndigen Ergebnisliste sind <a href=\"https:\/\/laserworlds2017.com\/results\/\">hier<\/a> zu finden. <\/p>\n","protected":false},"excerpt":{"rendered":"<p>Am Ende des Segeljahres sind es die Alten, oder sch\u00f6ner gesagt die Masters, die nach Split gekommen sind, um ihre Meister zu kr\u00f6nen. Mehr als 350 Laser Segler aller Altersstufen, von 35 bis 80, aus \u00fcber 30 Nationen und 5 Kontinenten sind mit von der Partie. F\u00fcr den SAF sind 3 Segler dabei: Helga, Werner &#8230; <a title=\"Laser Master Weltmeisterschaft Split 2017\" class=\"read-more\" href=\"https:\/\/saf-wien.at\/wpneu\/index.php\/2017\/10\/02\/laser-master-weltmeisterschaft-split-2017\/\" aria-label=\"Mehr Informationen \u00fcber Laser Master Weltmeisterschaft Split 2017\">Weiterlesen<\/a><\/p>\n","protected":false},"author":1,"featured_media":550,"comment_status":"open","ping_status":"open","sticky":false,"template":"","format":"standard","meta":{"footnotes":""},"categories":[1],"tags":[],"class_list":["post-560","post","type-post","status-publish","format-standard","has-post-thumbnail","hentry","category-uncategorized"],"_links":{"self":[{"href":"https:\/\/saf-wien.at\/wpneu\/index.php\/wp-json\/wp\/v2\/posts\/560","targetHints":{"allow":["GET"]}}],"collection":[{"href":"https:\/\/saf-wien.at\/wpneu\/index.php\/wp-json\/wp\/v2\/posts"}],"about":[{"href":"https:\/\/saf-wien.at\/wpneu\/index.php\/wp-json\/wp\/v2\/types\/post"}],"author":[{"embeddable":true,"href":"https:\/\/saf-wien.at\/wpneu\/index.php\/wp-json\/wp\/v2\/users\/1"}],"replies":[{"embeddable":true,"href":"https:\/\/saf-wien.at\/wpneu\/index.php\/wp-json\/wp\/v2\/comments?post=560"}],"version-history":[{"count":0,"href":"https:\/\/saf-wien.at\/wpneu\/index.php\/wp-json\/wp\/v2\/posts\/560\/revisions"}],"wp:featuredmedia":[{"embeddable":true,"href":"https:\/\/saf-wien.at\/wpneu\/index.php\/wp-json\/wp\/v2\/posts\/550"}],"wp:attachment":[{"href":"https:\/\/saf-wien.at\/wpneu\/index.php\/wp-json\/wp\/v2\/media?parent=560"}],"wp:term":[{"taxonomy":"category","embeddable":true,"href":"https:\/\/saf-wien.at\/wpneu\/index.php\/wp-json\/wp\/v2\/categories?post=560"},{"taxonomy":"post_tag","embeddable":true,"href":"https:\/\/saf-wien.at\/wpneu\/index.php\/wp-json\/wp\/v2\/tags?post=560"}],"curies":[{"name":"wp","href":"https:\/\/api.w.org\/{rel}","templated":true}]}}