{"id":550,"date":"2017-09-24T07:45:31","date_gmt":"2017-09-24T07:45:31","guid":{"rendered":"https:\/\/saf-wien.at\/wpneu\/index.php\/2017\/09\/24\/die-letzten-7-tage-vor-der-wm-ein-countdown\/"},"modified":"2017-09-24T07:45:31","modified_gmt":"2017-09-24T07:45:31","slug":"die-letzten-7-tage-vor-der-wm-ein-countdown","status":"publish","type":"post","link":"https:\/\/saf-wien.at\/wpneu\/index.php\/2017\/09\/24\/die-letzten-7-tage-vor-der-wm-ein-countdown\/","title":{"rendered":"Die letzten 7 Tage vor der WM &#8230; ein Countdown"},"content":{"rendered":"<p><img decoding=\"async\" src=\"https:\/\/saf-wien.at\/wpneu\/wp-content\/uploads\/2022\/03\/IMG_20170916_161904356_HDR-816x459.jpg\" alt=\"\" \/><strong>Sonntag. Tag X-7.<\/strong> Endlich angekommen &#8230; und doch nicht da. Beim Auto spinnt der Keilriemen, im Apartment ist das WC \u00fcberflutet. Beim Auto kann man jetzt nichts machen, als Ersatz f\u00fcr das Apartment finden wir ein Quartier in einem Hostel in der N\u00e4he des Hafens \ud83d\ude42 <\/p>\n<p><img decoding=\"async\" src=\"https:\/\/saf-wien.at\/wpneu\/wp-content\/uploads\/2022\/03\/IMG_20170917_114329637-816x459.jpg\" alt=\"\" \/><strong>Montag. Tag X-6.<\/strong> Die Laser Standard WM, die eine Woche vor der Master WM ausgetragen wird, geht dem Ende zu. Wir stellen unsere Boote in den hintersten Winkel des Clubs um ja keinen der Stars zu st\u00f6ren. Trainieren k\u00f6nnen wir aber. Fast 6 Stunden sind wir bei bestem Segelwetter drau\u00dfen.  <\/p>\n<p><img decoding=\"async\" src=\"https:\/\/saf-wien.at\/wpneu\/wp-content\/uploads\/2022\/03\/IMG_20170920_174550688-816x459.jpg\" alt=\"\" \/><strong>Dienstag. Tag X-5.<\/strong> Am Vormittag Sturm. Auch die Teilnehmer der Standard WM bleiben im Hafen. Nachmittag Flaute, aber wir fahren trotzdem raus. Im Hafen \u00fcberholt uns ein Kreuzfahrtschiff, das unter den Kl\u00e4ngen von &#8222;Conquest of Paradise&#8220;  auslauft. Kurz danach begegnet uns eine kleine Segelyacht mit einer Volksmusikgruppe an Bord. Mit Ziehharmonika, Bass und Trompete. Live Musik am Wasser. Zur\u00fcck d\u00fcmpeln wir in den Hafen. An der Mole singt ein M\u00e4nnerchor. Tag der Musik? <\/p>\n<p><img decoding=\"async\" src=\"https:\/\/saf-wien.at\/wpneu\/wp-content\/uploads\/2022\/03\/IMG_20170919_195232383-816x459.jpg\" alt=\"\" \/><strong>Mittwoch. Tag X-4.<\/strong> Erster Starkwindtag. \u00dcber 20kn Wind und steile Kabbelwelle. Da schmeckt dann das Abendessen besonders gut \ud83d\ude42<\/p>\n<p><img decoding=\"async\" src=\"https:\/\/saf-wien.at\/wpneu\/wp-content\/uploads\/2022\/03\/IMG_20170920_101637942-816x459.jpg\" alt=\"\" \/><strong>Donnerstag. Tag X-3.<\/strong> 170 Charterboote stehen f\u00fcr die Teilnehmer aus \u00dcbersee bereit. F\u00fcr uns steht die Bootsvermessung auf dem Programm, die wir aber problemlos \u00fcberstehen. <\/p>\n<p><img decoding=\"async\" src=\"https:\/\/saf-wien.at\/wpneu\/wp-content\/uploads\/2022\/03\/IMG_20170922_123810926-816x459.jpg\" alt=\"\" \/><strong>Freitag. Tag X-2.<\/strong> Vormittag Flaute. Als Alternative besuchen wir die Kathedrale im Diokletian Palast. Steil und eng. Diese Treppe f\u00fchrt uns auf den Glockenturm. Dort werden wir mit einem herrlichen Ausblick auf den Hafen und das Umland von Split belohnt.<\/p>\n<p><img decoding=\"async\" src=\"https:\/\/saf-wien.at\/wpneu\/wp-content\/uploads\/2022\/03\/IMG_20170923_105730364-816x459.jpg\" alt=\"\" \/>Am Nachmittag wieder Sturm. Helga zeigt, dass man einen Laser-Mast durchaus auch in 3 Teile zerlegen kann \ud83d\ude41 Zum Gl\u00fcck ist es erst im Hafen passiert. <\/p>\n<p><img decoding=\"async\" src=\"https:\/\/saf-wien.at\/wpneu\/wp-content\/uploads\/2022\/03\/IMG_20170923_102540949_HDR-816x459.jpg\" alt=\"\" \/><strong>Samstag. Tag X-1.<\/strong> Beim Practice Race bekommen wir einen leichten Vorgeschmack auf die kommende Weltmeisterschaft. Danach werden die Segelklamotten zum Trocknen aufgeh\u00e4ngt. Morgen geht es dann richtig los \ud83d\ude42 <\/p>\n","protected":false},"excerpt":{"rendered":"<p>Sonntag. Tag X-7. Endlich angekommen &#8230; und doch nicht da. Beim Auto spinnt der Keilriemen, im Apartment ist das WC \u00fcberflutet. Beim Auto kann man jetzt nichts machen, als Ersatz f\u00fcr das Apartment finden wir ein Quartier in einem Hostel in der N\u00e4he des Hafens \ud83d\ude42 Montag. Tag X-6. Die Laser Standard WM, die eine &#8230; <a title=\"Die letzten 7 Tage vor der WM &#8230; ein Countdown\" class=\"read-more\" href=\"https:\/\/saf-wien.at\/wpneu\/index.php\/2017\/09\/24\/die-letzten-7-tage-vor-der-wm-ein-countdown\/\" aria-label=\"Mehr Informationen \u00fcber Die letzten 7 Tage vor der WM &#8230; ein Countdown\">Weiterlesen<\/a><\/p>\n","protected":false},"author":1,"featured_media":540,"comment_status":"open","ping_status":"open","sticky":false,"template":"","format":"standard","meta":{"footnotes":""},"categories":[1],"tags":[],"class_list":["post-550","post","type-post","status-publish","format-standard","has-post-thumbnail","hentry","category-uncategorized"],"_links":{"self":[{"href":"https:\/\/saf-wien.at\/wpneu\/index.php\/wp-json\/wp\/v2\/posts\/550","targetHints":{"allow":["GET"]}}],"collection":[{"href":"https:\/\/saf-wien.at\/wpneu\/index.php\/wp-json\/wp\/v2\/posts"}],"about":[{"href":"https:\/\/saf-wien.at\/wpneu\/index.php\/wp-json\/wp\/v2\/types\/post"}],"author":[{"embeddable":true,"href":"https:\/\/saf-wien.at\/wpneu\/index.php\/wp-json\/wp\/v2\/users\/1"}],"replies":[{"embeddable":true,"href":"https:\/\/saf-wien.at\/wpneu\/index.php\/wp-json\/wp\/v2\/comments?post=550"}],"version-history":[{"count":0,"href":"https:\/\/saf-wien.at\/wpneu\/index.php\/wp-json\/wp\/v2\/posts\/550\/revisions"}],"wp:featuredmedia":[{"embeddable":true,"href":"https:\/\/saf-wien.at\/wpneu\/index.php\/wp-json\/wp\/v2\/posts\/540"}],"wp:attachment":[{"href":"https:\/\/saf-wien.at\/wpneu\/index.php\/wp-json\/wp\/v2\/media?parent=550"}],"wp:term":[{"taxonomy":"category","embeddable":true,"href":"https:\/\/saf-wien.at\/wpneu\/index.php\/wp-json\/wp\/v2\/categories?post=550"},{"taxonomy":"post_tag","embeddable":true,"href":"https:\/\/saf-wien.at\/wpneu\/index.php\/wp-json\/wp\/v2\/tags?post=550"}],"curies":[{"name":"wp","href":"https:\/\/api.w.org\/{rel}","templated":true}]}}