{"id":530,"date":"2017-09-18T18:53:29","date_gmt":"2017-09-18T18:53:29","guid":{"rendered":"https:\/\/saf-wien.at\/wpneu\/index.php\/2017\/09\/18\/jugend-auf-reisen\/"},"modified":"2017-09-18T18:53:29","modified_gmt":"2017-09-18T18:53:29","slug":"jugend-auf-reisen","status":"publish","type":"post","link":"https:\/\/saf-wien.at\/wpneu\/index.php\/2017\/09\/18\/jugend-auf-reisen\/","title":{"rendered":"Jugend auf Reisen"},"content":{"rendered":"<p>Der Sommer war lang und hei\u00df. Und meistens hatten wir auch gen\u00fcgend Wind zum segeln. Die SAF Jugend hat es auf alle F\u00e4lle genutzt und und hat halb Europa bereist. Zu Weltmeisterschaften in Belgien und Schweden, oder f\u00fcr ein Training nach England. Aber alle in den Norden \ud83d\ude42<\/p>\n<p><img decoding=\"async\" src=\"https:\/\/saf-wien.at\/wpneu\/wp-content\/uploads\/2022\/03\/IMG_20170720_130324422-816x459.jpg\" alt=\"\" \/><strong>Clemens<\/strong> hat es zur Laser 4.7 WM in Belgien gef\u00fchrt. Einen ausf\u00fchrlichen Bericht findet ihr <a href=\"https:\/\/safblog.azurewebsites.net\/ghost\/47\/\">hier<\/a> .<\/p>\n<p><img decoding=\"async\" src=\"https:\/\/saf-wien.at\/wpneu\/wp-content\/uploads\/2022\/03\/IMG_4638-756x1008-1.jpg\" alt=\"\" \/>Der S\u00fcden Schwedens ist immer noch sehr weit im Norden. Dorthin, genauer nach Helsingborg, fuhr <strong>Anastasia<\/strong>. Zur <a href=\"http:\/\/www.zoom8worlds2017.se\/2017\/01\/15\/hello-world\/\">Zoom8 WM<\/a>. W\u00e4hrend die Temperaturen doch etwas k\u00fchler waren als hierzulande hat der heftige Wind dann doch f\u00fcr ein &#8222;hei\u00dfes&#8220; segeln gesorgt.<\/p>\n<p><img decoding=\"async\" src=\"https:\/\/saf-wien.at\/wpneu\/wp-content\/uploads\/2022\/03\/Screenshot_2017-08-10-12-56-45-810x428.jpg\" alt=\"\" \/>Training in England, im Mutterland des Segelsports. Von dort konnte sich <strong>Philipp<\/strong> die neuesten Tipps und Tricks f\u00fcr das Lasersegeln holen. Als Basis und als weiterer Baustein f\u00fcr zuk\u00fcnftige Erfolge.<\/p>\n<p>F\u00fcr die Jugend geht es jetzt einmal in \u00d6sterreich weiter. Nach der leider windlosen <a href=\"https:\/\/safblog.azurewebsites.net\/ghost\/54\/\">Jugend-Staatsmeisterschaft<\/a> gehts f\u00fcr die Laseraties an den Attersee, f\u00fcr die Zoom8-Segler an den Obertrumer See, wo es dann hoffentlich g\u00fcltige Bewerbe geben wird.<\/p>\n","protected":false},"excerpt":{"rendered":"<p>Der Sommer war lang und hei\u00df. Und meistens hatten wir auch gen\u00fcgend Wind zum segeln. Die SAF Jugend hat es auf alle F\u00e4lle genutzt und und hat halb Europa bereist. Zu Weltmeisterschaften in Belgien und Schweden, oder f\u00fcr ein Training nach England. Aber alle in den Norden \ud83d\ude42 Clemens hat es zur Laser 4.7 WM &#8230; <a title=\"Jugend auf Reisen\" class=\"read-more\" href=\"https:\/\/saf-wien.at\/wpneu\/index.php\/2017\/09\/18\/jugend-auf-reisen\/\" aria-label=\"Mehr Informationen \u00fcber Jugend auf Reisen\">Weiterlesen<\/a><\/p>\n","protected":false},"author":1,"featured_media":520,"comment_status":"open","ping_status":"open","sticky":false,"template":"","format":"standard","meta":{"footnotes":""},"categories":[1],"tags":[],"class_list":["post-530","post","type-post","status-publish","format-standard","has-post-thumbnail","hentry","category-uncategorized"],"_links":{"self":[{"href":"https:\/\/saf-wien.at\/wpneu\/index.php\/wp-json\/wp\/v2\/posts\/530","targetHints":{"allow":["GET"]}}],"collection":[{"href":"https:\/\/saf-wien.at\/wpneu\/index.php\/wp-json\/wp\/v2\/posts"}],"about":[{"href":"https:\/\/saf-wien.at\/wpneu\/index.php\/wp-json\/wp\/v2\/types\/post"}],"author":[{"embeddable":true,"href":"https:\/\/saf-wien.at\/wpneu\/index.php\/wp-json\/wp\/v2\/users\/1"}],"replies":[{"embeddable":true,"href":"https:\/\/saf-wien.at\/wpneu\/index.php\/wp-json\/wp\/v2\/comments?post=530"}],"version-history":[{"count":0,"href":"https:\/\/saf-wien.at\/wpneu\/index.php\/wp-json\/wp\/v2\/posts\/530\/revisions"}],"wp:featuredmedia":[{"embeddable":true,"href":"https:\/\/saf-wien.at\/wpneu\/index.php\/wp-json\/wp\/v2\/posts\/520"}],"wp:attachment":[{"href":"https:\/\/saf-wien.at\/wpneu\/index.php\/wp-json\/wp\/v2\/media?parent=530"}],"wp:term":[{"taxonomy":"category","embeddable":true,"href":"https:\/\/saf-wien.at\/wpneu\/index.php\/wp-json\/wp\/v2\/categories?post=530"},{"taxonomy":"post_tag","embeddable":true,"href":"https:\/\/saf-wien.at\/wpneu\/index.php\/wp-json\/wp\/v2\/tags?post=530"}],"curies":[{"name":"wp","href":"https:\/\/api.w.org\/{rel}","templated":true}]}}