{"id":520,"date":"2017-08-27T20:06:01","date_gmt":"2017-08-27T20:06:01","guid":{"rendered":"https:\/\/saf-wien.at\/wpneu\/index.php\/2017\/08\/27\/ferienausklangs-regatta-grillen\/"},"modified":"2017-08-27T20:06:01","modified_gmt":"2017-08-27T20:06:01","slug":"ferienausklangs-regatta-grillen","status":"publish","type":"post","link":"https:\/\/saf-wien.at\/wpneu\/index.php\/2017\/08\/27\/ferienausklangs-regatta-grillen\/","title":{"rendered":"Ferienausklangs(regatta)grillen"},"content":{"rendered":"<p>Leider kann es nicht immer so viel Wind geben wie <a href=\"http:\/\/safblog.azurewebsites.net\/vereinsmeisterschaft-2011-siegerehrung\/\">2011<\/a>. <\/p>\n<p>Wegen Windmangels konnte nicht einmal ein Start probiert werden. Daf\u00fcr blieb aber viel mehr Zeit f\u00fcr die Vorbereitungen f\u00fcr das Grillen.<\/p>\n<p>Als dann doch etwas Wind aufkam haben sich ein paar Wagemutige aufs Wasser getraut. Ein Zur\u00fcckkommen war aber nur mit Hilfe des &#8222;eisernen Windes&#8220; m\u00f6glich. <\/p>\n<p><img decoding=\"async\" src=\"https:\/\/saf-wien.at\/wpneu\/wp-content\/uploads\/2022\/03\/IMG_5974-816x612.jpg\" alt=\"\" \/>Beim Grillen am Abend war der fehlende Wind kein Thema mehr. Gegessen wurde viel, geschmeckt hat es allen.<\/p>\n","protected":false},"excerpt":{"rendered":"<p>Leider kann es nicht immer so viel Wind geben wie 2011. Wegen Windmangels konnte nicht einmal ein Start probiert werden. Daf\u00fcr blieb aber viel mehr Zeit f\u00fcr die Vorbereitungen f\u00fcr das Grillen. Als dann doch etwas Wind aufkam haben sich ein paar Wagemutige aufs Wasser getraut. Ein Zur\u00fcckkommen war aber nur mit Hilfe des &#8222;eisernen &#8230; <a title=\"Ferienausklangs(regatta)grillen\" class=\"read-more\" href=\"https:\/\/saf-wien.at\/wpneu\/index.php\/2017\/08\/27\/ferienausklangs-regatta-grillen\/\" aria-label=\"Mehr Informationen \u00fcber Ferienausklangs(regatta)grillen\">Weiterlesen<\/a><\/p>\n","protected":false},"author":3,"featured_media":510,"comment_status":"open","ping_status":"open","sticky":false,"template":"","format":"standard","meta":{"footnotes":""},"categories":[1],"tags":[],"class_list":["post-520","post","type-post","status-publish","format-standard","has-post-thumbnail","hentry","category-uncategorized"],"_links":{"self":[{"href":"https:\/\/saf-wien.at\/wpneu\/index.php\/wp-json\/wp\/v2\/posts\/520","targetHints":{"allow":["GET"]}}],"collection":[{"href":"https:\/\/saf-wien.at\/wpneu\/index.php\/wp-json\/wp\/v2\/posts"}],"about":[{"href":"https:\/\/saf-wien.at\/wpneu\/index.php\/wp-json\/wp\/v2\/types\/post"}],"author":[{"embeddable":true,"href":"https:\/\/saf-wien.at\/wpneu\/index.php\/wp-json\/wp\/v2\/users\/3"}],"replies":[{"embeddable":true,"href":"https:\/\/saf-wien.at\/wpneu\/index.php\/wp-json\/wp\/v2\/comments?post=520"}],"version-history":[{"count":0,"href":"https:\/\/saf-wien.at\/wpneu\/index.php\/wp-json\/wp\/v2\/posts\/520\/revisions"}],"wp:featuredmedia":[{"embeddable":true,"href":"https:\/\/saf-wien.at\/wpneu\/index.php\/wp-json\/wp\/v2\/posts\/510"}],"wp:attachment":[{"href":"https:\/\/saf-wien.at\/wpneu\/index.php\/wp-json\/wp\/v2\/media?parent=520"}],"wp:term":[{"taxonomy":"category","embeddable":true,"href":"https:\/\/saf-wien.at\/wpneu\/index.php\/wp-json\/wp\/v2\/categories?post=520"},{"taxonomy":"post_tag","embeddable":true,"href":"https:\/\/saf-wien.at\/wpneu\/index.php\/wp-json\/wp\/v2\/tags?post=520"}],"curies":[{"name":"wp","href":"https:\/\/api.w.org\/{rel}","templated":true}]}}