{"id":510,"date":"2017-08-25T20:55:41","date_gmt":"2017-08-25T20:55:41","guid":{"rendered":"https:\/\/saf-wien.at\/wpneu\/index.php\/2017\/08\/25\/die-osterreichische-jugend-staatsmeisterschaft\/"},"modified":"2017-08-25T20:55:41","modified_gmt":"2017-08-25T20:55:41","slug":"die-osterreichische-jugend-staatsmeisterschaft","status":"publish","type":"post","link":"https:\/\/saf-wien.at\/wpneu\/index.php\/2017\/08\/25\/die-osterreichische-jugend-staatsmeisterschaft\/","title":{"rendered":"Die \u00f6sterreichische Jugend Staatsmeisterschaft &#8230;"},"content":{"rendered":"<p>&#8230; ein Versuch ohne Ende<\/p>\n<p><img decoding=\"async\" src=\"https:\/\/saf-wien.at\/wpneu\/wp-content\/uploads\/2022\/03\/IMG_20170820_173004964-816x459.jpg\" alt=\"\" \/>180 Kinder und Jugendliche aus 8 Bundesl\u00e4ndern sind am Ferienende dem Ruf gefolgt und nach Breitenbrunn am Neusiedlersee gekommen, um ihre Meister in den Klassen Optimist, Zoom, Laser Radial, 420er und 29er zu ermitteln.<\/p>\n<p><img decoding=\"async\" src=\"https:\/\/saf-wien.at\/wpneu\/wp-content\/uploads\/2022\/03\/FullSizeRender.jpg\" alt=\"\" \/>F\u00fcr das Team Wien mit dabei die SAF-Laser Segler Clemens und Philipp mit J\u00f6rg als Betreuer.<\/p>\n<p><img decoding=\"async\" src=\"https:\/\/saf-wien.at\/wpneu\/wp-content\/uploads\/2022\/03\/IMG_0165.jpg\" alt=\"\" \/>Sonntag um 7 war die Welt noch in Ordnung. Nach einem Starkwind &#8211; Trainingstag die feierliche Er\u00f6ffnungsfeier am Hauptplatz von Breitenbrunn &#8230;<\/p>\n<p><img decoding=\"async\" src=\"https:\/\/saf-wien.at\/wpneu\/wp-content\/uploads\/2022\/03\/IMG_0178.jpg\" alt=\"\" \/>&#8230; mit Speis und Trank &#8230;<\/p>\n<p><img decoding=\"async\" src=\"https:\/\/saf-wien.at\/wpneu\/wp-content\/uploads\/2022\/03\/IMG_20170820_185840692_HDR-816x459.jpg\" alt=\"\" \/>&#8230; und viel Prominenz aus Politik und Sport.<\/p>\n<p><img decoding=\"async\" src=\"https:\/\/saf-wien.at\/wpneu\/wp-content\/uploads\/2022\/03\/IMG_0202.jpg\" alt=\"\" \/>Und dann? Ein Foto mit Symbolkraft. Viel mehr Wind sollte es die ganze weitere Woche nicht mehr geben. Die Laser schafften es gerade mal auf 2 Wettfahrten, die 420er sogar auf 3. F\u00fcr eine Staatsmeisterschaft allemal zu wenig. <br \/>Clemens kann sich trotz starker Konkurrenz im ersten Drittel etablieren und das obwohl eher der starke Wind sein Metier ist. Philipp konnte sein Ziel: &#8222;nur nicht Letzter werden&#8220; auch erreichen und kann voller Zuversicht die n\u00e4chsten Regatten in Angiff nehmen.<\/p>\n<p><img decoding=\"async\" src=\"https:\/\/saf-wien.at\/wpneu\/wp-content\/uploads\/2022\/03\/IMG_0201-480x640.jpg\" alt=\"\" \/>Ab nach Hause. Aber: heute ist nicht aller Tage, wir probieren es wieder, keine Frage \ud83d\ude42 <br \/>Die Wiederholung der Laser-Radial Jugend Staatsmeisterschaft wird Anfang Oktober am Attersee stattfinden. Wir freuen uns schon auf (hoffentlich) mehr Wind und tolle Segeltage.<\/p>\n<p>Bilder der Veranstaltung finden Sie <a href=\"http:\/\/www.ycbb.at\/archiv-galerie\/?tx_filelist_filelist%5Bpath%5D=%2Fycbb%2Ffiles%2FBilderalben%2F2017%2FOEJM%2F&amp;tx_filelist_filelist%5Baction%5D=list&amp;tx_filelist_filelist%5Bcontroller%5D=File&amp;cHash=cbf07a32e312564c624a5ce7cdced950\">hier<\/a>, Bilder von <a href=\"http:\/\/www.ycbb.at\/fileadmin\/ycbb\/files\/Bilderalben\/2017\/OEJM\/3.Tag\/DSC_9870.JPG\">Clemens<\/a> und <a href=\"http:\/\/www.ycbb.at\/fileadmin\/ycbb\/files\/Bilderalben\/2017\/OEJM\/3.Tag\/DSC_9920.JPG\">Philipp<\/a>.<\/p>\n<p>Die Ergebnisliste der leider nicht Staatsmeisterschaft finden Sie <a href=\"https:\/\/regatta365.com\/stream\/results\/file\/2495.pdf\/name\/%C3%96sterr.JugendmeisterschaftenErgebnisse_Laser%20Radial.pdf\">hier<\/a>.<\/p>\n<p>Wir danken dem Yacht Club Breitenbrunn f\u00fcr ihr tolles Engagement, f\u00fcr ihre Gastfreundschaft und f\u00fcr diese super sch\u00f6ne Veranstaltung, die leider nicht mit einem Staatsmeistertitel belohnt wurde. Und wir hoffen, dass es bald wieder ein Da Capo in Breitenbrunn geben wird.<\/p>\n","protected":false},"excerpt":{"rendered":"<p>&#8230; ein Versuch ohne Ende 180 Kinder und Jugendliche aus 8 Bundesl\u00e4ndern sind am Ferienende dem Ruf gefolgt und nach Breitenbrunn am Neusiedlersee gekommen, um ihre Meister in den Klassen Optimist, Zoom, Laser Radial, 420er und 29er zu ermitteln. F\u00fcr das Team Wien mit dabei die SAF-Laser Segler Clemens und Philipp mit J\u00f6rg als Betreuer. &#8230; <a title=\"Die \u00f6sterreichische Jugend Staatsmeisterschaft &#8230;\" class=\"read-more\" href=\"https:\/\/saf-wien.at\/wpneu\/index.php\/2017\/08\/25\/die-osterreichische-jugend-staatsmeisterschaft\/\" aria-label=\"Mehr Informationen \u00fcber Die \u00f6sterreichische Jugend Staatsmeisterschaft &#8230;\">Weiterlesen<\/a><\/p>\n","protected":false},"author":1,"featured_media":500,"comment_status":"open","ping_status":"open","sticky":false,"template":"","format":"standard","meta":{"footnotes":""},"categories":[1],"tags":[],"class_list":["post-510","post","type-post","status-publish","format-standard","has-post-thumbnail","hentry","category-uncategorized"],"_links":{"self":[{"href":"https:\/\/saf-wien.at\/wpneu\/index.php\/wp-json\/wp\/v2\/posts\/510","targetHints":{"allow":["GET"]}}],"collection":[{"href":"https:\/\/saf-wien.at\/wpneu\/index.php\/wp-json\/wp\/v2\/posts"}],"about":[{"href":"https:\/\/saf-wien.at\/wpneu\/index.php\/wp-json\/wp\/v2\/types\/post"}],"author":[{"embeddable":true,"href":"https:\/\/saf-wien.at\/wpneu\/index.php\/wp-json\/wp\/v2\/users\/1"}],"replies":[{"embeddable":true,"href":"https:\/\/saf-wien.at\/wpneu\/index.php\/wp-json\/wp\/v2\/comments?post=510"}],"version-history":[{"count":0,"href":"https:\/\/saf-wien.at\/wpneu\/index.php\/wp-json\/wp\/v2\/posts\/510\/revisions"}],"wp:featuredmedia":[{"embeddable":true,"href":"https:\/\/saf-wien.at\/wpneu\/index.php\/wp-json\/wp\/v2\/posts\/500"}],"wp:attachment":[{"href":"https:\/\/saf-wien.at\/wpneu\/index.php\/wp-json\/wp\/v2\/media?parent=510"}],"wp:term":[{"taxonomy":"category","embeddable":true,"href":"https:\/\/saf-wien.at\/wpneu\/index.php\/wp-json\/wp\/v2\/categories?post=510"},{"taxonomy":"post_tag","embeddable":true,"href":"https:\/\/saf-wien.at\/wpneu\/index.php\/wp-json\/wp\/v2\/tags?post=510"}],"curies":[{"name":"wp","href":"https:\/\/api.w.org\/{rel}","templated":true}]}}