{"id":500,"date":"2011-11-14T20:30:00","date_gmt":"2011-11-14T20:30:00","guid":{"rendered":"https:\/\/saf-wien.at\/wpneu\/index.php\/2011\/11\/14\/vereinsmeisterschaft-2011-siegerehrung\/"},"modified":"2011-11-14T20:30:00","modified_gmt":"2011-11-14T20:30:00","slug":"vereinsmeisterschaft-2011-siegerehrung","status":"publish","type":"post","link":"https:\/\/saf-wien.at\/wpneu\/index.php\/2011\/11\/14\/vereinsmeisterschaft-2011-siegerehrung\/","title":{"rendered":"Vereinsmeisterschaft 2011 Siegerehrung"},"content":{"rendered":"<p>H\u00f6hepunkt der heurigen Vereinsmeisterschaft war wohl die Ferienausklang-Regatta, die Ende August bei Sonnenschein aber sehr sportlichem Wind ausgetragen wurde. Gute 4 Bft als Grundwind und kurze Boen bis 7 Bft sorgten f\u00fcr anspruchsvolle Bedingungen und einige Badeausfl\u00fcge &#8230;<\/p>\n<p><img decoding=\"async\" src=\"https:\/\/saf-wien.at\/wpneu\/wp-content\/uploads\/2022\/03\/vm2011_2.jpg\" alt=\"Bootsk\u00f6pfler\" \/>Der &#8222;K\u00f6pfler&#8220; der Saison: Thomas Fahnler (im Bild unter Wasser)<\/p>\n<p><strong>Strategie f\u00fcr heftige B\u00f6en:<\/strong><\/p>\n<p>1.) Ausreiten <br \/><img decoding=\"async\" src=\"https:\/\/saf-wien.at\/wpneu\/wp-content\/uploads\/2022\/03\/vm2011_1.jpg\" alt=\"Ausreiten\" \/>2.) Traveller nach Lee, Gross fieren <br \/><img decoding=\"async\" src=\"https:\/\/saf-wien.at\/wpneu\/wp-content\/uploads\/2022\/03\/vm2011_3.jpg\" alt=\"Traveller nach Lee, Gross fieren\" \/>3.) Boot wieder aufrichten <br \/><img decoding=\"async\" src=\"https:\/\/saf-wien.at\/wpneu\/wp-content\/uploads\/2022\/03\/vm2011_4.jpg\" alt=\"Boot wieder aufrichten\" \/><\/p>\n<p>Impressionen der Ferienausklangsregatta  <\/p>\n<div id=\"image-table\">\n<table>\n<tr>\n<td style=\"padding:40px\"><img decoding=\"async\" src=\"https:\/\/saf-wien.at\/wpneu\/wp-content\/uploads\/2022\/03\/vm2011_i1.jpg\">        <\/td>\n<td style=\"padding:40px\"><img decoding=\"async\" src=\"https:\/\/saf-wien.at\/wpneu\/wp-content\/uploads\/2022\/03\/vm2011_i2.jpg\">         <\/td>\n<\/tr>\n<tr>\n<td style=\"padding:40px\"><img decoding=\"async\" src=\"https:\/\/saf-wien.at\/wpneu\/wp-content\/uploads\/2022\/03\/vm2011_i3.jpg\" alt=\"\" \/>      <\/td>\n<td style=\"padding:40px\"><img decoding=\"async\" src=\"https:\/\/saf-wien.at\/wpneu\/wp-content\/uploads\/2022\/03\/vm2011_i4.jpg\" alt=\"\" \/>      <\/td>\n<\/tr>\n<\/table>\n<\/div>\n<p><strong>Die Siegerehrung f\u00fcr die Vereinsmeisterschaft 2011:<\/strong><\/p>\n<div id=\"image-table\">\n<table>\n<tr>\n<td style=\"padding:40px\"><img decoding=\"async\" src=\"https:\/\/saf-wien.at\/wpneu\/wp-content\/uploads\/2022\/03\/saf_vm2011__1ges.jpg\" alt=\"Markus Kerschbaum\" \/>Gesamtsieger und 1. Platz G\u00e4ste:  <br \/>Markus Kerschbaum        <\/td>\n<td style=\"padding:40px\"><img decoding=\"async\" src=\"https:\/\/saf-wien.at\/wpneu\/wp-content\/uploads\/2022\/03\/saf_vm2011__1vm.jpg\" alt=\"Dieter Nunnenmacher\" \/>1. Platz, Vereinsmeister Steuermann:  <br \/>Dieter Nunnenmacher         <\/td>\n<\/tr>\n<tr>\n<td style=\"padding:40px\"><img decoding=\"async\" src=\"https:\/\/saf-wien.at\/wpneu\/wp-content\/uploads\/2022\/03\/saf_vm2011__2vm.jpg\" alt=\"J\u00f6rg Holl\" \/>2. Platz Steuermann:  <br \/>J\u00f6rg Holl        <\/td>\n<td style=\"padding:40px\"><img decoding=\"async\" src=\"https:\/\/saf-wien.at\/wpneu\/wp-content\/uploads\/2022\/03\/saf_vm2011__3vm.jpg\" alt=\"Thomas Fahnler\" \/>3. Platz Steuermann:  <br \/>Thomas Fahnler        <\/td>\n<\/tr>\n<tr>\n<td style=\"padding:40px\"><img decoding=\"async\" src=\"https:\/\/saf-wien.at\/wpneu\/wp-content\/uploads\/2022\/03\/saf_vm2011__1vs.jpg\" alt=\"Patricia Nunnenmacher\" \/>1. Platz Vorschoter:  <br \/>Patricia Nunnenmacher        <\/td>\n<td style=\"padding:40px\"><img decoding=\"async\" src=\"https:\/\/saf-wien.at\/wpneu\/wp-content\/uploads\/2022\/03\/saf_vm2011__pokale.jpg\" alt=\"Pokale\" \/>Gratulation allen Teilnehmern der Vereinsmeisterschaft!        <\/td>\n<\/tr>\n<\/table>\n<\/div>\n<p>Dieser Beitrag wurde von Johann Wolfgang verfasst.<\/p>\n","protected":false},"excerpt":{"rendered":"<p>H\u00f6hepunkt der heurigen Vereinsmeisterschaft war wohl die Ferienausklang-Regatta, die Ende August bei Sonnenschein aber sehr sportlichem Wind ausgetragen wurde. Gute 4 Bft als Grundwind und kurze Boen bis 7 Bft sorgten f\u00fcr anspruchsvolle Bedingungen und einige Badeausfl\u00fcge &#8230; Der &#8222;K\u00f6pfler&#8220; der Saison: Thomas Fahnler (im Bild unter Wasser) Strategie f\u00fcr heftige B\u00f6en: 1.) Ausreiten 2.) &#8230; <a title=\"Vereinsmeisterschaft 2011 Siegerehrung\" class=\"read-more\" href=\"https:\/\/saf-wien.at\/wpneu\/index.php\/2011\/11\/14\/vereinsmeisterschaft-2011-siegerehrung\/\" aria-label=\"Mehr Informationen \u00fcber Vereinsmeisterschaft 2011 Siegerehrung\">Weiterlesen<\/a><\/p>\n","protected":false},"author":3,"featured_media":490,"comment_status":"open","ping_status":"open","sticky":false,"template":"","format":"standard","meta":{"footnotes":""},"categories":[1],"tags":[],"class_list":["post-500","post","type-post","status-publish","format-standard","has-post-thumbnail","hentry","category-uncategorized"],"_links":{"self":[{"href":"https:\/\/saf-wien.at\/wpneu\/index.php\/wp-json\/wp\/v2\/posts\/500","targetHints":{"allow":["GET"]}}],"collection":[{"href":"https:\/\/saf-wien.at\/wpneu\/index.php\/wp-json\/wp\/v2\/posts"}],"about":[{"href":"https:\/\/saf-wien.at\/wpneu\/index.php\/wp-json\/wp\/v2\/types\/post"}],"author":[{"embeddable":true,"href":"https:\/\/saf-wien.at\/wpneu\/index.php\/wp-json\/wp\/v2\/users\/3"}],"replies":[{"embeddable":true,"href":"https:\/\/saf-wien.at\/wpneu\/index.php\/wp-json\/wp\/v2\/comments?post=500"}],"version-history":[{"count":0,"href":"https:\/\/saf-wien.at\/wpneu\/index.php\/wp-json\/wp\/v2\/posts\/500\/revisions"}],"wp:featuredmedia":[{"embeddable":true,"href":"https:\/\/saf-wien.at\/wpneu\/index.php\/wp-json\/wp\/v2\/posts\/490"}],"wp:attachment":[{"href":"https:\/\/saf-wien.at\/wpneu\/index.php\/wp-json\/wp\/v2\/media?parent=500"}],"wp:term":[{"taxonomy":"category","embeddable":true,"href":"https:\/\/saf-wien.at\/wpneu\/index.php\/wp-json\/wp\/v2\/categories?post=500"},{"taxonomy":"post_tag","embeddable":true,"href":"https:\/\/saf-wien.at\/wpneu\/index.php\/wp-json\/wp\/v2\/tags?post=500"}],"curies":[{"name":"wp","href":"https:\/\/api.w.org\/{rel}","templated":true}]}}