{"id":480,"date":"2017-08-15T08:52:42","date_gmt":"2017-08-15T08:52:42","guid":{"rendered":"https:\/\/saf-wien.at\/wpneu\/index.php\/2017\/08\/15\/segeln-an-den-schonsten-flecken-der-erde\/"},"modified":"2017-08-15T08:52:42","modified_gmt":"2017-08-15T08:52:42","slug":"segeln-an-den-schonsten-flecken-der-erde","status":"publish","type":"post","link":"https:\/\/saf-wien.at\/wpneu\/index.php\/2017\/08\/15\/segeln-an-den-schonsten-flecken-der-erde\/","title":{"rendered":"Segeln an den sch\u00f6nsten Flecken der Erde &#8230;"},"content":{"rendered":"<p>&#8230; der Laser Grand Prix am Wolfgangsee. <\/p>\n<p><img decoding=\"async\" src=\"https:\/\/saf-wien.at\/wpneu\/wp-content\/uploads\/2022\/03\/DSC_1069-960x540.jpg\" alt=\"Wolfgangsee gegen S\u00fcd-Osten\" \/>Das Tolle am Segelsport ist doch, dass wir durch ihn an die sch\u00f6nsten Pl\u00e4tze dieser Erde gef\u00fchrt werden. Weit weg oder doch ganz nah. Wie hier nach St. Gilgen,  zum 38. Laser Grand Prix.<\/p>\n<p><img decoding=\"async\" src=\"https:\/\/saf-wien.at\/wpneu\/wp-content\/uploads\/2022\/03\/IMG_20170813_104935235-816x459.jpg\" alt=\"Der Hafen des Yacht Clubs Wolfgangsee\" \/>Hier werden Erinnerungen wach an die gro\u00dfen Zeiten des \u00f6sterreichischen Laser Sports. Als mehr als 120 Boote nicht die Ausnahme, sondern die Regel waren. Und an die Zeiten, in denen Franz Urlesberger den Grand Prix dominiert hatte.<\/p>\n<p><img decoding=\"async\" src=\"https:\/\/saf-wien.at\/wpneu\/wp-content\/uploads\/2022\/03\/IMG_20170813_104836979_HDR-816x459.jpg\" alt=\"Teilnehmende Boote\" \/>Nachdem die Teilnehmerzahlen in der letzten Zeit sp\u00fcrbar zur\u00fcckgegangen sind geht es aber wieder aufw\u00e4rts. Nicht steil, aber stetig. 71 Boote waren es dieses Jahr, die in die Wertung gekommen sind. Sicher eines der besten Meldeergebnisse der letzten Jahre. Auch f\u00fcr den SAF war es ein Rekord: 8 Teilnehmer bei einer Schwerpunktregatta. Hat es jemals eine gr\u00f6\u00dfere SAF-Flotte bei einer Ausw\u00e4rtsregatta gegeben? Mit diesen 8 Teilnehmern war der SAF \u00fcbrigens gemeinsam mit dem UYCAs der teilnehmerst\u00e4rkste Verein des heurigen Grand Prix.<\/p>\n<p>Auch Franz Urlesberger war dieses Jahr, nach langen Jahren der Abwesenheit, wieder mit dabei. Sieg ist es keiner geworden, aber ein Top 10 Ergebnis ist ein beachtliches Resultat f\u00fcr einen Wiedereinsteiger. Wenn sich das einige Haudegen der fr\u00fcheren Jahre als Vorbild nehmen haben wir die magischen 100 auch bald wieder erreicht \ud83d\ude42 <\/p>\n<p>Wir freuen uns schon auf den GP 2018.<\/p>\n<p>Die Ergebnisliste des 38. Laser GP finden Sie <a href=\"http:\/\/www.uyc-wolfgangsee.at\/images\/pdf\/results\/ergebnisse_laser_grandprix2017.pdf\">hier<\/a> .<\/p>\n","protected":false},"excerpt":{"rendered":"<p>&#8230; der Laser Grand Prix am Wolfgangsee. Das Tolle am Segelsport ist doch, dass wir durch ihn an die sch\u00f6nsten Pl\u00e4tze dieser Erde gef\u00fchrt werden. Weit weg oder doch ganz nah. Wie hier nach St. Gilgen, zum 38. Laser Grand Prix. Hier werden Erinnerungen wach an die gro\u00dfen Zeiten des \u00f6sterreichischen Laser Sports. Als mehr &#8230; <a title=\"Segeln an den sch\u00f6nsten Flecken der Erde &#8230;\" class=\"read-more\" href=\"https:\/\/saf-wien.at\/wpneu\/index.php\/2017\/08\/15\/segeln-an-den-schonsten-flecken-der-erde\/\" aria-label=\"Mehr Informationen \u00fcber Segeln an den sch\u00f6nsten Flecken der Erde &#8230;\">Weiterlesen<\/a><\/p>\n","protected":false},"author":1,"featured_media":470,"comment_status":"open","ping_status":"open","sticky":false,"template":"","format":"standard","meta":{"footnotes":""},"categories":[1],"tags":[],"class_list":["post-480","post","type-post","status-publish","format-standard","has-post-thumbnail","hentry","category-uncategorized"],"_links":{"self":[{"href":"https:\/\/saf-wien.at\/wpneu\/index.php\/wp-json\/wp\/v2\/posts\/480","targetHints":{"allow":["GET"]}}],"collection":[{"href":"https:\/\/saf-wien.at\/wpneu\/index.php\/wp-json\/wp\/v2\/posts"}],"about":[{"href":"https:\/\/saf-wien.at\/wpneu\/index.php\/wp-json\/wp\/v2\/types\/post"}],"author":[{"embeddable":true,"href":"https:\/\/saf-wien.at\/wpneu\/index.php\/wp-json\/wp\/v2\/users\/1"}],"replies":[{"embeddable":true,"href":"https:\/\/saf-wien.at\/wpneu\/index.php\/wp-json\/wp\/v2\/comments?post=480"}],"version-history":[{"count":0,"href":"https:\/\/saf-wien.at\/wpneu\/index.php\/wp-json\/wp\/v2\/posts\/480\/revisions"}],"wp:featuredmedia":[{"embeddable":true,"href":"https:\/\/saf-wien.at\/wpneu\/index.php\/wp-json\/wp\/v2\/posts\/470"}],"wp:attachment":[{"href":"https:\/\/saf-wien.at\/wpneu\/index.php\/wp-json\/wp\/v2\/media?parent=480"}],"wp:term":[{"taxonomy":"category","embeddable":true,"href":"https:\/\/saf-wien.at\/wpneu\/index.php\/wp-json\/wp\/v2\/categories?post=480"},{"taxonomy":"post_tag","embeddable":true,"href":"https:\/\/saf-wien.at\/wpneu\/index.php\/wp-json\/wp\/v2\/tags?post=480"}],"curies":[{"name":"wp","href":"https:\/\/api.w.org\/{rel}","templated":true}]}}