{"id":470,"date":"2017-08-07T21:13:10","date_gmt":"2017-08-07T21:13:10","guid":{"rendered":"https:\/\/saf-wien.at\/wpneu\/index.php\/2017\/08\/07\/der-grundlsee-segeln-im-hochgebirge\/"},"modified":"2017-08-07T21:13:10","modified_gmt":"2017-08-07T21:13:10","slug":"der-grundlsee-segeln-im-hochgebirge","status":"publish","type":"post","link":"https:\/\/saf-wien.at\/wpneu\/index.php\/2017\/08\/07\/der-grundlsee-segeln-im-hochgebirge\/","title":{"rendered":"Der Grundlsee &#8211; segeln im Hochgebirge"},"content":{"rendered":"<p>Fast schon Tradition ist die Teilnahme der SAF Segler beim Green Panther Cup am Grundlsee. Heuer kehrte ich allerdings alleine an den Platz zur\u00fcck, an dem ich vor vielen Jahren meine erste Regatta au\u00dferhalb Wiens gesegelt bin. <\/p>\n<p>Kaiserwetter mit Leichtwind am Samstag, Regen und Wolken, aber Wind mit \u00fcber 10 kn aus West am Sonntag ergaben 5 abwechslungsreiche und spannende Wettfahrten.<\/p>\n<p><img decoding=\"async\" src=\"https:\/\/saf-wien.at\/wpneu\/wp-content\/uploads\/2022\/03\/IMG_20170805_090105587-816x459.jpg\" alt=\"\" \/><\/p>\n<p>Hier, in diesem alten Bauernhaus, durfte ich f\u00fcr die Dauer der Regatta mein Quartier aufschlagen \ud83d\ude42<\/p>\n<p>Die Ergebnisse des Green Panther Cups finden Sie <a href=\"http:\/\/www.segelverband.at\/en\/service\/regatta-ergebnisse\/detail\/7640\">hier<\/a> .<\/p>\n","protected":false},"excerpt":{"rendered":"<p>Fast schon Tradition ist die Teilnahme der SAF Segler beim Green Panther Cup am Grundlsee. Heuer kehrte ich allerdings alleine an den Platz zur\u00fcck, an dem ich vor vielen Jahren meine erste Regatta au\u00dferhalb Wiens gesegelt bin. Kaiserwetter mit Leichtwind am Samstag, Regen und Wolken, aber Wind mit \u00fcber 10 kn aus West am Sonntag &#8230; <a title=\"Der Grundlsee &#8211; segeln im Hochgebirge\" class=\"read-more\" href=\"https:\/\/saf-wien.at\/wpneu\/index.php\/2017\/08\/07\/der-grundlsee-segeln-im-hochgebirge\/\" aria-label=\"Mehr Informationen \u00fcber Der Grundlsee &#8211; segeln im Hochgebirge\">Weiterlesen<\/a><\/p>\n","protected":false},"author":1,"featured_media":460,"comment_status":"open","ping_status":"open","sticky":false,"template":"","format":"standard","meta":{"footnotes":""},"categories":[1],"tags":[],"class_list":["post-470","post","type-post","status-publish","format-standard","has-post-thumbnail","hentry","category-uncategorized"],"_links":{"self":[{"href":"https:\/\/saf-wien.at\/wpneu\/index.php\/wp-json\/wp\/v2\/posts\/470","targetHints":{"allow":["GET"]}}],"collection":[{"href":"https:\/\/saf-wien.at\/wpneu\/index.php\/wp-json\/wp\/v2\/posts"}],"about":[{"href":"https:\/\/saf-wien.at\/wpneu\/index.php\/wp-json\/wp\/v2\/types\/post"}],"author":[{"embeddable":true,"href":"https:\/\/saf-wien.at\/wpneu\/index.php\/wp-json\/wp\/v2\/users\/1"}],"replies":[{"embeddable":true,"href":"https:\/\/saf-wien.at\/wpneu\/index.php\/wp-json\/wp\/v2\/comments?post=470"}],"version-history":[{"count":0,"href":"https:\/\/saf-wien.at\/wpneu\/index.php\/wp-json\/wp\/v2\/posts\/470\/revisions"}],"wp:featuredmedia":[{"embeddable":true,"href":"https:\/\/saf-wien.at\/wpneu\/index.php\/wp-json\/wp\/v2\/posts\/460"}],"wp:attachment":[{"href":"https:\/\/saf-wien.at\/wpneu\/index.php\/wp-json\/wp\/v2\/media?parent=470"}],"wp:term":[{"taxonomy":"category","embeddable":true,"href":"https:\/\/saf-wien.at\/wpneu\/index.php\/wp-json\/wp\/v2\/categories?post=470"},{"taxonomy":"post_tag","embeddable":true,"href":"https:\/\/saf-wien.at\/wpneu\/index.php\/wp-json\/wp\/v2\/tags?post=470"}],"curies":[{"name":"wp","href":"https:\/\/api.w.org\/{rel}","templated":true}]}}