{"id":450,"date":"2017-08-01T21:05:52","date_gmt":"2017-08-01T21:05:52","guid":{"rendered":"https:\/\/saf-wien.at\/wpneu\/index.php\/2017\/08\/01\/die-laser-4-7-wm\/"},"modified":"2017-08-01T21:05:52","modified_gmt":"2017-08-01T21:05:52","slug":"die-laser-4-7-wm","status":"publish","type":"post","link":"https:\/\/saf-wien.at\/wpneu\/index.php\/2017\/08\/01\/die-laser-4-7-wm\/","title":{"rendered":"Die Laser 4.7 WM &#8230;"},"content":{"rendered":"<p>&#8230; ein R\u00fcckblick in Bildern. <\/p>\n<p><img decoding=\"async\" src=\"https:\/\/saf-wien.at\/wpneu\/wp-content\/uploads\/2022\/03\/IMG_20170720_130324422-816x459.jpg\" alt=\"\" \/>360 Laser 4.7 Segler aus \u00fcber 50 Nationen haben sich im belgischen Nieuwpoort eingefunden um den Weltmeister der unter 18 j\u00e4hrigen zu ermitteln. Um neue Freunde aus aller Welt zu finden und zwei tolle Wochen an der Nordsee zu verbringen. <\/p>\n<p><img decoding=\"async\" src=\"https:\/\/saf-wien.at\/wpneu\/wp-content\/uploads\/2022\/03\/IMG_2411-480x640.jpg\" alt=\"\" \/><strong>Das Team \u00d6sterreich<\/strong>, oder eigentlich das SAF-Team, da ja nur der SAF einen Teilnehmer entsenden konnte. Im Bild  von  links nach rechts: J\u00f6rg, Clemens, Anna und Peter. <\/p>\n<p><img decoding=\"async\" src=\"https:\/\/saf-wien.at\/wpneu\/wp-content\/uploads\/2022\/03\/IMG_20170721_171436952-816x459.jpg\" alt=\"\" \/><strong>Eine Woche Training im WM Revier<\/strong>. Clemens nutzt die Chance und kann sich in einer internationalen Trainingsgruppe auf die WM vorbereiten. Noch ist die Atmosph\u00e4re entspannter, bevor der Ernst des WM-Lebens beginnt \ud83d\ude42 <\/p>\n<p><img decoding=\"async\" src=\"https:\/\/saf-wien.at\/wpneu\/wp-content\/uploads\/2022\/03\/IMG_2398_crop_384x218.jpg\" alt=\"\" \/><strong>Der Trainer und sein Motorboot<\/strong>. Was ist einfacher in der Handhabung &#8211; ein zickiges Motorboot oder ein bockiger Laser?<br \/>Am Ende der Trainingswoche wird J\u00f6rg eingeflogen und \u00fcbernimmt die Betreuung von Clemens. <\/p>\n<p><img decoding=\"async\" src=\"https:\/\/saf-wien.at\/wpneu\/wp-content\/uploads\/2022\/03\/IMG_2339-320x240.jpg\" alt=\"\" \/>Gott sei Dank ergibt sich aber dann und wann doch noch die Chance, das Motorboot gegen den Laser tauschen zu k\u00f6nnen \ud83d\ude42 . <\/p>\n<p><img decoding=\"async\" src=\"https:\/\/saf-wien.at\/wpneu\/wp-content\/uploads\/2022\/03\/IMG_20170720_132313513-816x459.jpg\" alt=\"\" \/><strong>Anna und Peter<\/strong>, unser Support-Team. Immer zur Stelle wenn eine helfende Hand, ein Auto-Transfer oder ein Essen ben\u00f6tigt wurde. <\/p>\n<p><img decoding=\"async\" src=\"https:\/\/saf-wien.at\/wpneu\/wp-content\/uploads\/2022\/03\/IMG_20170718_183510168_HDR-816x459.jpg\" alt=\"\" \/><strong>Die Er\u00f6ffnung<\/strong>: Peter darf das \u00d6sterreich &#8211; Schild beim Einzug der Teams tragen. <\/p>\n<p><img decoding=\"async\" src=\"https:\/\/saf-wien.at\/wpneu\/wp-content\/uploads\/2022\/03\/IMG_20170722_142846169-816x459.jpg\" alt=\"\" \/><strong>Die Qualifikation<\/strong>: In 8 Wettfahrten wird entschieden, wer im Finale in der Gold-Fleet um Medaillen k\u00e4mpfen kann und wer in der Silber, der Bronze und der Emeralds-Fleet um die restlichen Platzierungen segeln wird. Im Bild der Start zur 1. Qualifikationswettfahrt. <\/p>\n<p><img decoding=\"async\" src=\"https:\/\/saf-wien.at\/wpneu\/wp-content\/uploads\/2022\/03\/IMG_20170716_183630794-459x816.jpg\" alt=\"\" \/>Niemand hier vor Ort, weder die Trainer oder Segler der anderen Teams, haben uns nach der Trainingswoche geglaubt, dass Clemens wirklich erst 2 Jahre Laser segelt und vorher noch nie in einem Opti gesessen ist. Seine Technik ist gut und sein Speed auch. Die Erfahrung bei internationalen Gro\u00dfveranstaltungen fehlt jedoch noch und so kann ein Platz knapp hinter den besten 200 durchaus als Erfolg gewertet werden. <\/p>\n<p><img decoding=\"async\" src=\"https:\/\/saf-wien.at\/wpneu\/wp-content\/uploads\/2022\/03\/IMG_2490-480x640.jpg\" alt=\"\" \/><strong>Die Finalrennen<\/strong>: Clemens vor der 1. Wettfahrt in der Emeralds-Fleet.<\/p>\n<p><img decoding=\"async\" src=\"https:\/\/saf-wien.at\/wpneu\/wp-content\/uploads\/2022\/03\/IMG_20170722_154939838-816x459.jpg\" alt=\"\" \/>3 der 4 angesetzten finalen Wettfahrten konnten an den letzten <br \/>beiden Tagen noch gesegelt werden. Mit einem 17. Platz (von 58) als bestes Resultat kann Clemens zwar nicht den erhofften Top 200 Platz erreichen, aber der 208. ist auch nicht meilenweit von diesem Ziel entfernt. <\/p>\n<p><img decoding=\"async\" src=\"https:\/\/saf-wien.at\/wpneu\/wp-content\/uploads\/2022\/03\/IMG_20170720_130804393-459x816.jpg\" alt=\"\" \/><strong>&#8222;AP&#8220; \u00fcber &#8222;A&#8220;<\/strong>. Das letzte Flaggensignal der Weltmeisterschaft. Keine weiteren Wettfahrten mehr.<\/p>\n<p><strong>Fazit<\/strong>: Lernen und Erfahrung sammeln war das wesentliche Ziel der Operation &#8222;Laser 4.7 WM&#8220;. F\u00fcr  Segler ebenso wie f\u00fcr Betreuer und das Support-Team. Wie kann man in einem so gro\u00dfen Feld erfolgreich starten, wie, wenn eine starke Str\u00f6mung von vorne oder von hinten kommt? Wie kann man als Trainer einen Segler optimal betreuen auch wenn aufgrund des gro\u00dfen Regattagebiets nicht immer ein Sichtkontakt zum Aktiven m\u00f6glich ist? Fragen, die uns auch nach der WM noch weiter besch\u00e4ftigen werden und die im kommenden Trainingsalltag ihre Ber\u00fccksichtigung finden sollen.<\/p>\n<p><img decoding=\"async\" src=\"https:\/\/saf-wien.at\/wpneu\/wp-content\/uploads\/2022\/03\/IMG_20170725_085316399_HDR-816x459.jpg\" alt=\"\" \/><strong>Back Home<\/strong>. Ankunft nach 16 Stunden Fahrt um 8 Uhr Fr\u00fch beim SAF. Ein Abenteuer ist vorbei.<\/p>\n<p>Alle Ergebnislisten und weitere Informationen zur Laser 4.7 WM finden Sie <a href=\"http:\/\/www.kycnlaserworlds2017.com\/laser-47-youth-noticeboard\">hier<\/a>.<\/p>\n","protected":false},"excerpt":{"rendered":"<p>&#8230; ein R\u00fcckblick in Bildern. 360 Laser 4.7 Segler aus \u00fcber 50 Nationen haben sich im belgischen Nieuwpoort eingefunden um den Weltmeister der unter 18 j\u00e4hrigen zu ermitteln. Um neue Freunde aus aller Welt zu finden und zwei tolle Wochen an der Nordsee zu verbringen. Das Team \u00d6sterreich, oder eigentlich das SAF-Team, da ja nur &#8230; <a title=\"Die Laser 4.7 WM &#8230;\" class=\"read-more\" href=\"https:\/\/saf-wien.at\/wpneu\/index.php\/2017\/08\/01\/die-laser-4-7-wm\/\" aria-label=\"Mehr Informationen \u00fcber Die Laser 4.7 WM &#8230;\">Weiterlesen<\/a><\/p>\n","protected":false},"author":1,"featured_media":440,"comment_status":"open","ping_status":"open","sticky":false,"template":"","format":"standard","meta":{"footnotes":""},"categories":[1],"tags":[],"class_list":["post-450","post","type-post","status-publish","format-standard","has-post-thumbnail","hentry","category-uncategorized"],"_links":{"self":[{"href":"https:\/\/saf-wien.at\/wpneu\/index.php\/wp-json\/wp\/v2\/posts\/450","targetHints":{"allow":["GET"]}}],"collection":[{"href":"https:\/\/saf-wien.at\/wpneu\/index.php\/wp-json\/wp\/v2\/posts"}],"about":[{"href":"https:\/\/saf-wien.at\/wpneu\/index.php\/wp-json\/wp\/v2\/types\/post"}],"author":[{"embeddable":true,"href":"https:\/\/saf-wien.at\/wpneu\/index.php\/wp-json\/wp\/v2\/users\/1"}],"replies":[{"embeddable":true,"href":"https:\/\/saf-wien.at\/wpneu\/index.php\/wp-json\/wp\/v2\/comments?post=450"}],"version-history":[{"count":0,"href":"https:\/\/saf-wien.at\/wpneu\/index.php\/wp-json\/wp\/v2\/posts\/450\/revisions"}],"wp:featuredmedia":[{"embeddable":true,"href":"https:\/\/saf-wien.at\/wpneu\/index.php\/wp-json\/wp\/v2\/posts\/440"}],"wp:attachment":[{"href":"https:\/\/saf-wien.at\/wpneu\/index.php\/wp-json\/wp\/v2\/media?parent=450"}],"wp:term":[{"taxonomy":"category","embeddable":true,"href":"https:\/\/saf-wien.at\/wpneu\/index.php\/wp-json\/wp\/v2\/categories?post=450"},{"taxonomy":"post_tag","embeddable":true,"href":"https:\/\/saf-wien.at\/wpneu\/index.php\/wp-json\/wp\/v2\/tags?post=450"}],"curies":[{"name":"wp","href":"https:\/\/api.w.org\/{rel}","templated":true}]}}