{"id":440,"date":"2017-07-08T09:30:12","date_gmt":"2017-07-08T09:30:12","guid":{"rendered":"https:\/\/saf-wien.at\/wpneu\/index.php\/2017\/07\/08\/der-weg-nachsplit\/"},"modified":"2017-07-08T09:30:12","modified_gmt":"2017-07-08T09:30:12","slug":"der-weg-nachsplit","status":"publish","type":"post","link":"https:\/\/saf-wien.at\/wpneu\/index.php\/2017\/07\/08\/der-weg-nachsplit\/","title":{"rendered":"Der Weg nach Split &#8230;"},"content":{"rendered":"<p>&#8230; oder der Laser Master Europacup in Neusiedl. <\/p>\n<p>Mit dem Europacup in Neusiedl, der gleichzeitig auch die \u00f6sterreichische Meisterschaft der Master Segler ist, endet der erste Teil der Vorbereitungsregatten f\u00fcr die WM im September in Split. 5 Internationale Regatten hat das SAF Team bestritten, in Slowenien, Tschechien, Belgien, Holland und nat\u00fcrlich die \u00f6sterreichische Meisterschaft in Neusiedl. <\/p>\n<p><img decoding=\"async\" src=\"https:\/\/saf-wien.at\/wpneu\/wp-content\/uploads\/2022\/03\/IMG_20170630_135929168-816x459.jpg\" alt=\"\" \/>Hier in Neusiedl kann der SAF mit einem starken Team antreten. Von links: Helga, Alex, Andi, J\u00f6rg und Werner. <\/p>\n<p><img decoding=\"async\" src=\"https:\/\/saf-wien.at\/wpneu\/wp-content\/uploads\/2022\/03\/IMG_20170630_114942918-816x459.jpg\" alt=\"\" \/>Am 1. Tag f\u00fchlten wir uns irgendwie an die Staatsmeisterschaft erinnert. Langes Warten auf Wind und dann, als sich alle schon zum Abendessen hergerichtet hatten, ein S\u00fcd mit \u00fcber 20 kn in den B\u00f6en. Ein Wind, der den SAF Seglern liegt. Der 7. Platz von Werner und der 2. Platz von Helga zeugen davon. Auch der Autor dieser Zeilen, der eher ein Schwachwindsegler ist, kann sich \u00fcberwinden und seinen ersten Wettfahrtsieg bei einem Europacup fixieren. <\/p>\n<p>Am 2. Tag dreht sich das Ganze. Der Wind kommt jetzt aus Nordwest und wird deutlich gem\u00fctlicher. Daf\u00fcr ist er jetzt b\u00f6ig und dreht vor allem im Bereich der Luv-Boje extrem. Man k\u00f6nnte fast von Windschweinereien reden. Entsprechend oft wird das Feld durcheinandergew\u00fcrfelt und auch die Lokalmatadore finden nicht immer die richtige Seite. <\/p>\n<p>Der Finaltag beginnt mit leichten Unstimmigkeiten zwischen Seglern und der Wettfahrtleitung. An der Luv-Boje kachelt es mit \u00fcber 30 kn. Die Wettfahrtleitung m\u00f6chte die Wettfahrt starten, die Segler streiken. Also wird dann doch verschoben. Zu Mittag beruhigt sich die Situation und mit einem etwas dezimiertem Feld k\u00f6nnen die restlichen Wettfahrten noch gefahren werden. <\/p>\n<p><img decoding=\"async\" src=\"https:\/\/saf-wien.at\/wpneu\/wp-content\/uploads\/2022\/03\/IMG_20170702_163044531-459x816.jpg\" alt=\"\" \/>Das Highlight aus SAF-Sicht: Helga erringt mit ihrem 2. Platz ihr bisher bestes Europacup Ergebnis und kann sich auch in der Europacup Zwischenwertung auf den 2. Platz setzen. <\/p>\n<p><img decoding=\"async\" src=\"https:\/\/saf-wien.at\/wpneu\/wp-content\/uploads\/2022\/03\/IMG_20170702_162252543-816x459.jpg\" alt=\"\" \/>Zuallerletzt schafft auch der Autor dieses Berichts mit einem 3. Platz knapp den Sprung aufs Stockerl und freut sich immens. Auch auf den Sommer, die Regatten der 2. Vorbereitungsperiode und die WM. <\/p>\n<p>Aber jetzt geht es mal nach Belgien zur Laser 4.7 WM, bei der uns Clemens vertreten wird. <\/p>\n<p>Die gesamte Ergebnislisten finden Sie hier: <br \/><a href=\"https:\/\/regatta365.com\/stream\/results\/file\/2449.pdf\/name\/Laser%20Euro%20Master%20SeriesErgebnisse_Laser.pdf\">Laser Standard<\/a>, <a href=\"https:\/\/regatta365.com\/stream\/results\/file\/2912.pdf\/name\/Laser%20Euro%20Master%20SeriesErgebnisse_Laser%20Radial%20-%20Damen.pdf\">Radial Damen<\/a> und <a href=\"https:\/\/regatta365.com\/stream\/results\/file\/2450.pdf\/name\/Laser%20Euro%20Master%20SeriesErgebnisse_Laser%20Radial.pdf\">Radial Herren<\/a><\/p>\n","protected":false},"excerpt":{"rendered":"<p>&#8230; oder der Laser Master Europacup in Neusiedl. Mit dem Europacup in Neusiedl, der gleichzeitig auch die \u00f6sterreichische Meisterschaft der Master Segler ist, endet der erste Teil der Vorbereitungsregatten f\u00fcr die WM im September in Split. 5 Internationale Regatten hat das SAF Team bestritten, in Slowenien, Tschechien, Belgien, Holland und nat\u00fcrlich die \u00f6sterreichische Meisterschaft in &#8230; <a title=\"Der Weg nach Split &#8230;\" class=\"read-more\" href=\"https:\/\/saf-wien.at\/wpneu\/index.php\/2017\/07\/08\/der-weg-nachsplit\/\" aria-label=\"Mehr Informationen \u00fcber Der Weg nach Split &#8230;\">Weiterlesen<\/a><\/p>\n","protected":false},"author":1,"featured_media":430,"comment_status":"open","ping_status":"open","sticky":false,"template":"","format":"standard","meta":{"footnotes":""},"categories":[1],"tags":[],"class_list":["post-440","post","type-post","status-publish","format-standard","has-post-thumbnail","hentry","category-uncategorized"],"_links":{"self":[{"href":"https:\/\/saf-wien.at\/wpneu\/index.php\/wp-json\/wp\/v2\/posts\/440","targetHints":{"allow":["GET"]}}],"collection":[{"href":"https:\/\/saf-wien.at\/wpneu\/index.php\/wp-json\/wp\/v2\/posts"}],"about":[{"href":"https:\/\/saf-wien.at\/wpneu\/index.php\/wp-json\/wp\/v2\/types\/post"}],"author":[{"embeddable":true,"href":"https:\/\/saf-wien.at\/wpneu\/index.php\/wp-json\/wp\/v2\/users\/1"}],"replies":[{"embeddable":true,"href":"https:\/\/saf-wien.at\/wpneu\/index.php\/wp-json\/wp\/v2\/comments?post=440"}],"version-history":[{"count":0,"href":"https:\/\/saf-wien.at\/wpneu\/index.php\/wp-json\/wp\/v2\/posts\/440\/revisions"}],"wp:featuredmedia":[{"embeddable":true,"href":"https:\/\/saf-wien.at\/wpneu\/index.php\/wp-json\/wp\/v2\/posts\/430"}],"wp:attachment":[{"href":"https:\/\/saf-wien.at\/wpneu\/index.php\/wp-json\/wp\/v2\/media?parent=440"}],"wp:term":[{"taxonomy":"category","embeddable":true,"href":"https:\/\/saf-wien.at\/wpneu\/index.php\/wp-json\/wp\/v2\/categories?post=440"},{"taxonomy":"post_tag","embeddable":true,"href":"https:\/\/saf-wien.at\/wpneu\/index.php\/wp-json\/wp\/v2\/tags?post=440"}],"curies":[{"name":"wp","href":"https:\/\/api.w.org\/{rel}","templated":true}]}}