{"id":430,"date":"2017-06-28T13:12:23","date_gmt":"2017-06-28T13:12:23","guid":{"rendered":"https:\/\/saf-wien.at\/wpneu\/index.php\/2017\/06\/28\/wiener-landesmeisterschaft-im-laser-radial\/"},"modified":"2017-06-28T13:12:23","modified_gmt":"2017-06-28T13:12:23","slug":"wiener-landesmeisterschaft-im-laser-radial","status":"publish","type":"post","link":"https:\/\/saf-wien.at\/wpneu\/index.php\/2017\/06\/28\/wiener-landesmeisterschaft-im-laser-radial\/","title":{"rendered":"Wiener Landesmeisterschaft im Laser Radial"},"content":{"rendered":"<p>und Wiener Jugendmeisterschaft im Laser Radial <\/p>\n<p><img decoding=\"async\" src=\"https:\/\/saf-wien.at\/wpneu\/wp-content\/uploads\/2022\/03\/IMG_0945-1008x756.jpg\" alt=\"\" \/>Vor einigen Jahren h\u00e4tten wir noch von einer Utopie gesprochen, da es in Wien so gut wie keine jugendlichen Laser-Segler gab. Heuer f\u00fchren wir sie schon zum 2. Mal durch: die Wiener Jugend Landesmeisterschaft im Laser Radial. Ein gutes Zeichen, das auf eine rege Youngsters Segelszene in Wien hinweist. <br \/>Und nicht nur die Quantit\u00e4t l\u00e4sst hoffen, auch die Qualit\u00e4t ist vom Feinsten. Mit Clemens, der \u00d6sterreich Mitte Juli in Belgien bei der Laser 4.7 Weltmeisterschaft vertreten wird, konnte ein Jugendsegler auch die Gesamtwertung f\u00fcr sich entscheiden. <\/p>\n<p><img decoding=\"async\" src=\"https:\/\/saf-wien.at\/wpneu\/wp-content\/uploads\/2022\/03\/SAM_1205-740x416.jpg\" alt=\"\" \/>Gruppenbild mit Jugend. Von Links nach Rechts: Wettfahrtleiter Hans, Werner (2. Platz), der Sieger Clemens und Markus (3. Platz). <\/p>\n<p>Was sagt der Wettfahrtleiter? <br \/>&#8222;Werner, duck dich ein bisschen. Man kann den Sponsor sonst nicht sehen :-)&#8220;  <\/p>\n<p>Die Ergebnisliste zur Donauinselfestregatta finden Sie <a href=\"http:\/\/www.saf-wien.at\/SAF\/ergebnisse\/safergebnisse.php#Donauinselfest\">hier<\/a>. <\/p>\n","protected":false},"excerpt":{"rendered":"<p>und Wiener Jugendmeisterschaft im Laser Radial Vor einigen Jahren h\u00e4tten wir noch von einer Utopie gesprochen, da es in Wien so gut wie keine jugendlichen Laser-Segler gab. Heuer f\u00fchren wir sie schon zum 2. Mal durch: die Wiener Jugend Landesmeisterschaft im Laser Radial. Ein gutes Zeichen, das auf eine rege Youngsters Segelszene in Wien hinweist. &#8230; <a title=\"Wiener Landesmeisterschaft im Laser Radial\" class=\"read-more\" href=\"https:\/\/saf-wien.at\/wpneu\/index.php\/2017\/06\/28\/wiener-landesmeisterschaft-im-laser-radial\/\" aria-label=\"Mehr Informationen \u00fcber Wiener Landesmeisterschaft im Laser Radial\">Weiterlesen<\/a><\/p>\n","protected":false},"author":1,"featured_media":420,"comment_status":"open","ping_status":"open","sticky":false,"template":"","format":"standard","meta":{"footnotes":""},"categories":[1],"tags":[],"class_list":["post-430","post","type-post","status-publish","format-standard","has-post-thumbnail","hentry","category-uncategorized"],"_links":{"self":[{"href":"https:\/\/saf-wien.at\/wpneu\/index.php\/wp-json\/wp\/v2\/posts\/430","targetHints":{"allow":["GET"]}}],"collection":[{"href":"https:\/\/saf-wien.at\/wpneu\/index.php\/wp-json\/wp\/v2\/posts"}],"about":[{"href":"https:\/\/saf-wien.at\/wpneu\/index.php\/wp-json\/wp\/v2\/types\/post"}],"author":[{"embeddable":true,"href":"https:\/\/saf-wien.at\/wpneu\/index.php\/wp-json\/wp\/v2\/users\/1"}],"replies":[{"embeddable":true,"href":"https:\/\/saf-wien.at\/wpneu\/index.php\/wp-json\/wp\/v2\/comments?post=430"}],"version-history":[{"count":0,"href":"https:\/\/saf-wien.at\/wpneu\/index.php\/wp-json\/wp\/v2\/posts\/430\/revisions"}],"wp:featuredmedia":[{"embeddable":true,"href":"https:\/\/saf-wien.at\/wpneu\/index.php\/wp-json\/wp\/v2\/posts\/420"}],"wp:attachment":[{"href":"https:\/\/saf-wien.at\/wpneu\/index.php\/wp-json\/wp\/v2\/media?parent=430"}],"wp:term":[{"taxonomy":"category","embeddable":true,"href":"https:\/\/saf-wien.at\/wpneu\/index.php\/wp-json\/wp\/v2\/categories?post=430"},{"taxonomy":"post_tag","embeddable":true,"href":"https:\/\/saf-wien.at\/wpneu\/index.php\/wp-json\/wp\/v2\/tags?post=430"}],"curies":[{"name":"wp","href":"https:\/\/api.w.org\/{rel}","templated":true}]}}