{"id":410,"date":"2017-06-18T19:53:26","date_gmt":"2017-06-18T19:53:26","guid":{"rendered":"https:\/\/saf-wien.at\/wpneu\/index.php\/2017\/06\/18\/segeln-unter-dem-meer\/"},"modified":"2017-06-18T19:53:26","modified_gmt":"2017-06-18T19:53:26","slug":"segeln-unter-dem-meer","status":"publish","type":"post","link":"https:\/\/saf-wien.at\/wpneu\/index.php\/2017\/06\/18\/segeln-unter-dem-meer\/","title":{"rendered":"Segeln unter dem Meer &#8230;"},"content":{"rendered":"<p>&#8230; oder II. Teil der Reise in den Norden. Der Laser Europa Cup in Holland.<\/p>\n<p><img decoding=\"async\" src=\"https:\/\/saf-wien.at\/wpneu\/wp-content\/uploads\/2022\/03\/IMG_20170525_192558990_HDR-816x459.jpg\" alt=\"\" \/><strong>Von der Weite der Nordsee in eine &#8222;kleine Pf\u00fctze&#8220;.<\/strong> Die Beulakerwijde ist ein Binnensee \u00f6stlich des IJsselmeers und Teil des Nationalparks Weerribben-Wieden. Durch seine Anbindung an das holl\u00e4ndische Wasserstra\u00dfennetz sind jedoch alle wichtigen Orte wie Amsterdam, Rotterdam oder das Wattenmeer von hier aus mit dem Boot gut erreichbar.<\/p>\n<p><img decoding=\"async\" src=\"https:\/\/saf-wien.at\/wpneu\/wp-content\/uploads\/2022\/03\/IMG_20170525_180658824-816x459-1.jpg\" alt=\"\" \/><strong>Vom Royal North See Yacht Club zum Beulaeke Haven.<\/strong> Die Unsicherheit war den ersten ortsunkundigen Teilnehmern, die einen Tag vor dem offiziellen Beginn des Europacups am Veranstaltungsort auftauchten, ins Gesicht geschrieben. Die Adresse schien richtig, nur gab es hier keinen Club und kaum Platz f\u00fcr mehr als 100 Laser. Dazu nur eine kleine, verwinkelte Slipanlage. Und der Havenkantoor hatte auch noch nicht ge\u00f6ffnet.<\/p>\n<p><img decoding=\"async\" src=\"https:\/\/saf-wien.at\/wpneu\/wp-content\/uploads\/2022\/03\/IMG_20170526_094618739-816x459.jpg\" alt=\"\" \/>Doch irgendwie konnte alles geregelt werden. Die Boote wurden auf mehrere Standorte verteilt und das nahe gelegene Strand-Restaurant konnte sowohl das Race Office aufnehmen als auch die Segleressen bereitstellen. Und die Signalisierung an Land erfolge &#8211; mangels eines Flaggenmasts &#8211; eben dort, wo man sonst wohl die Eisflagge erwarten w\u00fcrde \ud83d\ude42<\/p>\n<p><img decoding=\"async\" src=\"https:\/\/saf-wien.at\/wpneu\/wp-content\/uploads\/2022\/03\/IMG_20170526_121750546-816x459.jpg\" alt=\"\" \/>Ein See, ein bisschen wie der Neusiedlersee. Kleine, steile Wellen bedingt durch die geringe Wassertiefe und lebhafte Winde bedingt durch das flache Umland erinnern an das Meer der Wiener. Ein Wind, der sich die ersten 2 Tage allerdings bitten lie\u00df. Nur 3 Wettfahrten waren die magere Ausbeute. Daf\u00fcr 4 Wettfahrten am 3. und 3 am letzten Tag der Serie. Da ist man dann froh, wenn man nach getaner Arbeit etwas ausrasten kann \ud83d\ude42<\/p>\n<p><img decoding=\"async\" src=\"https:\/\/saf-wien.at\/wpneu\/wp-content\/uploads\/2022\/03\/IMG_20170526_210937520_HDR-816x459.jpg\" alt=\"\" \/>Wie es dem SAF-Team ergangen ist? Nun ja, ein Spitzenplatz war nicht zu erwarten. Aber der Kampf um die &#8222;goldene Ananas&#8220;, wie es Werner zu sagen pflegt, ist es auch nicht geworden. Und \u00e4hnlich wie in Belgien konnte durchaus mit dem einen oder anderen Platz in der ersten H\u00e4lfte des Feldes aufgezeigt werden. Das m\u00fchsame Training tr\u00e4gt also schon einige bescheidene Fr\u00fcchte.<\/p>\n<p>Die Ergebnisse vom Beulakerwijde finden Sie <a href=\"http:\/\/lasermasters.nl\/results-2017-beulaker\">hier<\/a>, die Ergebnisse des laufenden Europa-Cups <a href=\"http:\/\/www.eurilca.eu\/euromasters\/results.php\">hier<\/a>.<\/p>\n","protected":false},"excerpt":{"rendered":"<p>&#8230; oder II. Teil der Reise in den Norden. Der Laser Europa Cup in Holland. Von der Weite der Nordsee in eine &#8222;kleine Pf\u00fctze&#8220;. Die Beulakerwijde ist ein Binnensee \u00f6stlich des IJsselmeers und Teil des Nationalparks Weerribben-Wieden. Durch seine Anbindung an das holl\u00e4ndische Wasserstra\u00dfennetz sind jedoch alle wichtigen Orte wie Amsterdam, Rotterdam oder das Wattenmeer &#8230; <a title=\"Segeln unter dem Meer &#8230;\" class=\"read-more\" href=\"https:\/\/saf-wien.at\/wpneu\/index.php\/2017\/06\/18\/segeln-unter-dem-meer\/\" aria-label=\"Mehr Informationen \u00fcber Segeln unter dem Meer &#8230;\">Weiterlesen<\/a><\/p>\n","protected":false},"author":1,"featured_media":400,"comment_status":"open","ping_status":"open","sticky":false,"template":"","format":"standard","meta":{"footnotes":""},"categories":[1],"tags":[],"class_list":["post-410","post","type-post","status-publish","format-standard","has-post-thumbnail","hentry","category-uncategorized"],"_links":{"self":[{"href":"https:\/\/saf-wien.at\/wpneu\/index.php\/wp-json\/wp\/v2\/posts\/410","targetHints":{"allow":["GET"]}}],"collection":[{"href":"https:\/\/saf-wien.at\/wpneu\/index.php\/wp-json\/wp\/v2\/posts"}],"about":[{"href":"https:\/\/saf-wien.at\/wpneu\/index.php\/wp-json\/wp\/v2\/types\/post"}],"author":[{"embeddable":true,"href":"https:\/\/saf-wien.at\/wpneu\/index.php\/wp-json\/wp\/v2\/users\/1"}],"replies":[{"embeddable":true,"href":"https:\/\/saf-wien.at\/wpneu\/index.php\/wp-json\/wp\/v2\/comments?post=410"}],"version-history":[{"count":0,"href":"https:\/\/saf-wien.at\/wpneu\/index.php\/wp-json\/wp\/v2\/posts\/410\/revisions"}],"wp:featuredmedia":[{"embeddable":true,"href":"https:\/\/saf-wien.at\/wpneu\/index.php\/wp-json\/wp\/v2\/posts\/400"}],"wp:attachment":[{"href":"https:\/\/saf-wien.at\/wpneu\/index.php\/wp-json\/wp\/v2\/media?parent=410"}],"wp:term":[{"taxonomy":"category","embeddable":true,"href":"https:\/\/saf-wien.at\/wpneu\/index.php\/wp-json\/wp\/v2\/categories?post=410"},{"taxonomy":"post_tag","embeddable":true,"href":"https:\/\/saf-wien.at\/wpneu\/index.php\/wp-json\/wp\/v2\/tags?post=410"}],"curies":[{"name":"wp","href":"https:\/\/api.w.org\/{rel}","templated":true}]}}