{"id":390,"date":"2017-06-10T08:16:25","date_gmt":"2017-06-10T08:16:25","guid":{"rendered":"https:\/\/saf-wien.at\/wpneu\/index.php\/2017\/06\/10\/laser-staatsmeisterschaft-in-neusiedl\/"},"modified":"2017-06-10T08:16:25","modified_gmt":"2017-06-10T08:16:25","slug":"laser-staatsmeisterschaft-in-neusiedl","status":"publish","type":"post","link":"https:\/\/saf-wien.at\/wpneu\/index.php\/2017\/06\/10\/laser-staatsmeisterschaft-in-neusiedl\/","title":{"rendered":"Laser Staatsmeisterschaft in Neusiedl"},"content":{"rendered":"<p><img decoding=\"async\" src=\"https:\/\/saf-wien.at\/wpneu\/wp-content\/uploads\/2022\/03\/IMG_20170603_135956620-816x459.jpg\" alt=\"\" \/>Eine Staatsmeisterschaft ist immer etwas Besonderes. Sie dauert l\u00e4nger, es sind mehr Boote am Start und auch die Tatsache, dass es eine Bootsvermessung gibt deutet darauf hin,  dass es sich hier nicht um eine 0-8-15 Regatta handelt. <br \/>Das st\u00e4rkste SAF Team, das je zu einer \u00f6sterreichischen Meisterschaft entsendet wurde, ist also zu Pfingsten an den Neusiedlersee gereist. In ein turbulentes Wochenende, wenn man sich die Windprognosen angesehen hat:<\/p>\n<ul>\n<li>Samstag: wenig Wind aus S\u00fcd<\/li>\n<li>Sonntag: 2 Fronten aus West mit bis zu 40 kn Wind und Regen <\/li>\n<li>Montag: kein Wind aus allen Richtungen <img decoding=\"async\" src=\"https:\/\/saf-wien.at\/wpneu\/wp-content\/uploads\/2022\/03\/IMG_20170605_142804011-816x459.jpg\" alt=\"\" \/><\/li>\n<\/ul>\n<p>Eine Prognose, die ziemlich genau gestimmt hat. Am 1. Tag war eine Wettfahrt mehr als man erwarten konnte. Am Sonntag die bef\u00fcrchteten Sturmb\u00f6en. Vor dem Sturm noch eine Wettfahrt bei leichtem S\u00fcdwind, die Laser Standard schaffen dann noch eine Wettfahrt bei fast 30 kn, bei der allerdings mehr als die H\u00e4lfte des Feldes nicht ins Ziel kommt, bei den Radial m\u00fcssen sturmbedingt 2 Wettfahrten abgebrochen werden.<\/p>\n<p><img decoding=\"async\" src=\"https:\/\/saf-wien.at\/wpneu\/wp-content\/uploads\/2022\/03\/IMG_8845_crop_604x604.jpg\" alt=\"\" \/>Montag dann der Tag des langen Wartens. 4 Wettfahrten werden ben\u00f6tigt um eine g\u00fcltige Staatsmeisterschaft zu bekommen. Raus aufs Wasser um 9 Uhr, dann Warten. Nach einer kurzen Pause an Land zu Mittag k\u00f6nnen dann um 18 Uhr noch 1 Wettfahrt bei den Standards und 2 bei den Radials bei viel Welle und 12 kn S\u00fcdwind gefahren werden.<\/p>\n<p>Alles in allem eine gute Vorbereitung f\u00fcr den \u00f6sterreichischen Teil der European Masters Series, der in gut einem Monat hier in Neusiedl stattfinden wird.<\/p>\n<p>Weitere Bilder der Veranstaltung finden Sie <a href=\"https:\/\/www.facebook.com\/pg\/UYC-Neusiedlersee-233525713428657\/photos\/?tab=album&amp;album_id=1352126194901931\">hier<\/a>, die vollst\u00e4ndigen Ergebnisse hier: <a href=\"https:\/\/regatta365.com\/stream\/results\/file\/2442.pdf\/name\/Spring%20CupErgebnisse_Laser.pdf\">Laser Standard<\/a>, <a href=\"https:\/\/regatta365.com\/stream\/results\/file\/2907.pdf\/name\/Spring%20CupErgebnisse_Laser%20Radial%20-%20Damen.pdf\">Laser Radial Damen<\/a> und <a href=\"https:\/\/regatta365.com\/stream\/results\/file\/2443.pdf\/name\/Spring%20CupErgebnisse_Laser%20Radial.pdf\">Laser Radial Herren<\/a><\/p>\n","protected":false},"excerpt":{"rendered":"<p>Eine Staatsmeisterschaft ist immer etwas Besonderes. Sie dauert l\u00e4nger, es sind mehr Boote am Start und auch die Tatsache, dass es eine Bootsvermessung gibt deutet darauf hin, dass es sich hier nicht um eine 0-8-15 Regatta handelt. Das st\u00e4rkste SAF Team, das je zu einer \u00f6sterreichischen Meisterschaft entsendet wurde, ist also zu Pfingsten an den &#8230; <a title=\"Laser Staatsmeisterschaft in Neusiedl\" class=\"read-more\" href=\"https:\/\/saf-wien.at\/wpneu\/index.php\/2017\/06\/10\/laser-staatsmeisterschaft-in-neusiedl\/\" aria-label=\"Mehr Informationen \u00fcber Laser Staatsmeisterschaft in Neusiedl\">Weiterlesen<\/a><\/p>\n","protected":false},"author":1,"featured_media":380,"comment_status":"open","ping_status":"open","sticky":false,"template":"","format":"standard","meta":{"footnotes":""},"categories":[1],"tags":[],"class_list":["post-390","post","type-post","status-publish","format-standard","has-post-thumbnail","hentry","category-uncategorized"],"_links":{"self":[{"href":"https:\/\/saf-wien.at\/wpneu\/index.php\/wp-json\/wp\/v2\/posts\/390","targetHints":{"allow":["GET"]}}],"collection":[{"href":"https:\/\/saf-wien.at\/wpneu\/index.php\/wp-json\/wp\/v2\/posts"}],"about":[{"href":"https:\/\/saf-wien.at\/wpneu\/index.php\/wp-json\/wp\/v2\/types\/post"}],"author":[{"embeddable":true,"href":"https:\/\/saf-wien.at\/wpneu\/index.php\/wp-json\/wp\/v2\/users\/1"}],"replies":[{"embeddable":true,"href":"https:\/\/saf-wien.at\/wpneu\/index.php\/wp-json\/wp\/v2\/comments?post=390"}],"version-history":[{"count":0,"href":"https:\/\/saf-wien.at\/wpneu\/index.php\/wp-json\/wp\/v2\/posts\/390\/revisions"}],"wp:featuredmedia":[{"embeddable":true,"href":"https:\/\/saf-wien.at\/wpneu\/index.php\/wp-json\/wp\/v2\/posts\/380"}],"wp:attachment":[{"href":"https:\/\/saf-wien.at\/wpneu\/index.php\/wp-json\/wp\/v2\/media?parent=390"}],"wp:term":[{"taxonomy":"category","embeddable":true,"href":"https:\/\/saf-wien.at\/wpneu\/index.php\/wp-json\/wp\/v2\/categories?post=390"},{"taxonomy":"post_tag","embeddable":true,"href":"https:\/\/saf-wien.at\/wpneu\/index.php\/wp-json\/wp\/v2\/tags?post=390"}],"curies":[{"name":"wp","href":"https:\/\/api.w.org\/{rel}","templated":true}]}}