{"id":370,"date":"2017-05-07T19:22:14","date_gmt":"2017-05-07T19:22:14","guid":{"rendered":"https:\/\/saf-wien.at\/wpneu\/index.php\/2017\/05\/07\/franky-berger-memorial-landesmeisterschaft-von-wien-in-der-klasse-pirat\/"},"modified":"2017-05-07T19:22:14","modified_gmt":"2017-05-07T19:22:14","slug":"franky-berger-memorial-landesmeisterschaft-von-wien-in-der-klasse-pirat","status":"publish","type":"post","link":"https:\/\/saf-wien.at\/wpneu\/index.php\/2017\/05\/07\/franky-berger-memorial-landesmeisterschaft-von-wien-in-der-klasse-pirat\/","title":{"rendered":"Franky Berger Memorial &#8211; Landesmeisterschaft von Wien in der Klasse Pirat"},"content":{"rendered":"<p>Vergangenes Wochenende wurde im Zuge des Franky Berger Memorials sowohl die Landesmeisterschaft von Wien in der Klasse Pirat als auch die Unions-Meisterschaft ausgetragen. <br \/>12 Teams waren bei dieser ersten \u00f6sterreichischen Schwerpunktregatta in der Klasse Pirat dabei. F\u00fcr den SAF mit dabei war Albert mit Dieter (AUT 52). <br \/><img decoding=\"async\" src=\"https:\/\/saf-wien.at\/wpneu\/wp-content\/uploads\/2022\/03\/DSC_2430.jpg\" alt=\"2 Piraten mit gesetztem Spi auf Vorwindkurs\" \/>Zum Abschluss der zweit\u00e4gigen Veranstaltung wurden alle teilnehmenden Segler aufgenommen. <br \/><img decoding=\"async\" src=\"https:\/\/saf-wien.at\/wpneu\/wp-content\/uploads\/2022\/03\/DSC_2585.jpg\" alt=\"Gruppenphoto\" \/>Auch Helmut Seifert (sitzend) war dabei &#8211; er hat mit seinem Piraten bis jetzt an 473 Regatten teilgenommen. <br \/>Das Team Bernd und Iris Pintarich wurden Landesmeister von Wien &#8211; sie waren klar \u00fcberlegen; sie mussten nur einen 2. Platz streichen. <br \/>Die Ergebnisliste ist <a href=\"http:\/\/www.ycs.at\/regatten\/2017\/2017_Ergebnis_Franky-Regatta.htm\">hier<\/a> zu finden. <br \/>Die Photos wurden von ViennaProjekt zur Verf\u00fcgung gestellt.<\/p>\n","protected":false},"excerpt":{"rendered":"<p>Vergangenes Wochenende wurde im Zuge des Franky Berger Memorials sowohl die Landesmeisterschaft von Wien in der Klasse Pirat als auch die Unions-Meisterschaft ausgetragen. 12 Teams waren bei dieser ersten \u00f6sterreichischen Schwerpunktregatta in der Klasse Pirat dabei. F\u00fcr den SAF mit dabei war Albert mit Dieter (AUT 52). Zum Abschluss der zweit\u00e4gigen Veranstaltung wurden alle teilnehmenden &#8230; <a title=\"Franky Berger Memorial &#8211; Landesmeisterschaft von Wien in der Klasse Pirat\" class=\"read-more\" href=\"https:\/\/saf-wien.at\/wpneu\/index.php\/2017\/05\/07\/franky-berger-memorial-landesmeisterschaft-von-wien-in-der-klasse-pirat\/\" aria-label=\"Mehr Informationen \u00fcber Franky Berger Memorial &#8211; Landesmeisterschaft von Wien in der Klasse Pirat\">Weiterlesen<\/a><\/p>\n","protected":false},"author":3,"featured_media":360,"comment_status":"open","ping_status":"open","sticky":false,"template":"","format":"standard","meta":{"footnotes":""},"categories":[1],"tags":[],"class_list":["post-370","post","type-post","status-publish","format-standard","has-post-thumbnail","hentry","category-uncategorized"],"_links":{"self":[{"href":"https:\/\/saf-wien.at\/wpneu\/index.php\/wp-json\/wp\/v2\/posts\/370","targetHints":{"allow":["GET"]}}],"collection":[{"href":"https:\/\/saf-wien.at\/wpneu\/index.php\/wp-json\/wp\/v2\/posts"}],"about":[{"href":"https:\/\/saf-wien.at\/wpneu\/index.php\/wp-json\/wp\/v2\/types\/post"}],"author":[{"embeddable":true,"href":"https:\/\/saf-wien.at\/wpneu\/index.php\/wp-json\/wp\/v2\/users\/3"}],"replies":[{"embeddable":true,"href":"https:\/\/saf-wien.at\/wpneu\/index.php\/wp-json\/wp\/v2\/comments?post=370"}],"version-history":[{"count":0,"href":"https:\/\/saf-wien.at\/wpneu\/index.php\/wp-json\/wp\/v2\/posts\/370\/revisions"}],"wp:featuredmedia":[{"embeddable":true,"href":"https:\/\/saf-wien.at\/wpneu\/index.php\/wp-json\/wp\/v2\/posts\/360"}],"wp:attachment":[{"href":"https:\/\/saf-wien.at\/wpneu\/index.php\/wp-json\/wp\/v2\/media?parent=370"}],"wp:term":[{"taxonomy":"category","embeddable":true,"href":"https:\/\/saf-wien.at\/wpneu\/index.php\/wp-json\/wp\/v2\/categories?post=370"},{"taxonomy":"post_tag","embeddable":true,"href":"https:\/\/saf-wien.at\/wpneu\/index.php\/wp-json\/wp\/v2\/tags?post=370"}],"curies":[{"name":"wp","href":"https:\/\/api.w.org\/{rel}","templated":true}]}}