{"id":360,"date":"2017-05-02T20:12:33","date_gmt":"2017-05-02T20:12:33","guid":{"rendered":"https:\/\/saf-wien.at\/wpneu\/index.php\/2017\/05\/02\/regattasegeln-auf-pfahlbauten\/"},"modified":"2017-05-02T20:12:33","modified_gmt":"2017-05-02T20:12:33","slug":"regattasegeln-auf-pfahlbauten","status":"publish","type":"post","link":"https:\/\/saf-wien.at\/wpneu\/index.php\/2017\/05\/02\/regattasegeln-auf-pfahlbauten\/","title":{"rendered":"Regattasegeln auf Pfahlbauten"},"content":{"rendered":"<p><img decoding=\"async\" src=\"https:\/\/saf-wien.at\/wpneu\/wp-content\/uploads\/2022\/03\/DSC_0162-960x540.jpg\" alt=\"\" \/>Er liegt weit drau\u00dfen in der Ruster Bucht, mit dem Festland verbindet ihn nur ein langer, schmaler Steg: der burgenl\u00e4ndische Yacht Club (BYC), der gr\u00f6\u00dfte Pfahlbau am Neusiedlersee, ist vom Ufer aus praktisch nicht erreichbar. <\/p>\n<p><img decoding=\"async\" src=\"https:\/\/saf-wien.at\/wpneu\/wp-content\/uploads\/2022\/03\/P1010584.jpg\" alt=\"\" \/>Alles, was drau\u00dfen ben\u00f6tigt wird, muss mit dem Boot herangeschafft werden. Nat\u00fcrlich auch der gesamte Regattatross mit den Lasern, den Slipwagerln, Segelklamotten und dem Reservematerial. Daf\u00fcr steht ein Shuttledienst zur Verf\u00fcgung, der alles vor der Regatta zum Club und nachher wieder zur\u00fcck ans Festland bringt.<\/p>\n<p><img decoding=\"async\" src=\"https:\/\/saf-wien.at\/wpneu\/wp-content\/uploads\/2022\/03\/P1010572.jpg\" alt=\"\" \/>27 Laser-Segler, 13 im Standard, 14 im Radial waren es bei dieser ersten \u00f6sterreichischen Schwerpunktregatta. F\u00fcr den SAF mit dabei waren Helga, Clemens und J\u00f6rg. Und f\u00fcr alle war es eine erste Form\u00fcberpr\u00fcfung vor der WM. F\u00fcr Clemens f\u00fcr die 4.7 WM in Niewport (BEL), f\u00fcr Helga und J\u00f6rg f\u00fcr die Master-WM in Split (CRO).<\/p>\n<p><img decoding=\"async\" src=\"https:\/\/saf-wien.at\/wpneu\/wp-content\/uploads\/2022\/03\/P1010563.jpg\" alt=\"\" \/>3 Wettfahrten bei wenig, aber extrem drehendem Wind sind es dann geworden. Clemens konnte in 2 von 3 Wettfahrten mit der \u00f6sterreichischen Spitze mithalten, Helga konnte sich in der ersten H\u00e4lfte des Feldes etablieren. Ein super Erfolg f\u00fcr das SAF-Team und ein guter Schritt in Richtung WM.<\/p>\n<p>Die vollst\u00e4ndigen Ergebnislisten der Laser Schwerpunktregatta Rust 2017 finden Sie <a href=\"http:\/\/byc.at\/regatten\/ergebnis\/?rid=267\">hier<\/a>.<\/p>\n","protected":false},"excerpt":{"rendered":"<p>Er liegt weit drau\u00dfen in der Ruster Bucht, mit dem Festland verbindet ihn nur ein langer, schmaler Steg: der burgenl\u00e4ndische Yacht Club (BYC), der gr\u00f6\u00dfte Pfahlbau am Neusiedlersee, ist vom Ufer aus praktisch nicht erreichbar. Alles, was drau\u00dfen ben\u00f6tigt wird, muss mit dem Boot herangeschafft werden. Nat\u00fcrlich auch der gesamte Regattatross mit den Lasern, den &#8230; <a title=\"Regattasegeln auf Pfahlbauten\" class=\"read-more\" href=\"https:\/\/saf-wien.at\/wpneu\/index.php\/2017\/05\/02\/regattasegeln-auf-pfahlbauten\/\" aria-label=\"Mehr Informationen \u00fcber Regattasegeln auf Pfahlbauten\">Weiterlesen<\/a><\/p>\n","protected":false},"author":1,"featured_media":350,"comment_status":"open","ping_status":"open","sticky":false,"template":"","format":"standard","meta":{"footnotes":""},"categories":[1],"tags":[],"class_list":["post-360","post","type-post","status-publish","format-standard","has-post-thumbnail","hentry","category-uncategorized"],"_links":{"self":[{"href":"https:\/\/saf-wien.at\/wpneu\/index.php\/wp-json\/wp\/v2\/posts\/360","targetHints":{"allow":["GET"]}}],"collection":[{"href":"https:\/\/saf-wien.at\/wpneu\/index.php\/wp-json\/wp\/v2\/posts"}],"about":[{"href":"https:\/\/saf-wien.at\/wpneu\/index.php\/wp-json\/wp\/v2\/types\/post"}],"author":[{"embeddable":true,"href":"https:\/\/saf-wien.at\/wpneu\/index.php\/wp-json\/wp\/v2\/users\/1"}],"replies":[{"embeddable":true,"href":"https:\/\/saf-wien.at\/wpneu\/index.php\/wp-json\/wp\/v2\/comments?post=360"}],"version-history":[{"count":0,"href":"https:\/\/saf-wien.at\/wpneu\/index.php\/wp-json\/wp\/v2\/posts\/360\/revisions"}],"wp:featuredmedia":[{"embeddable":true,"href":"https:\/\/saf-wien.at\/wpneu\/index.php\/wp-json\/wp\/v2\/posts\/350"}],"wp:attachment":[{"href":"https:\/\/saf-wien.at\/wpneu\/index.php\/wp-json\/wp\/v2\/media?parent=360"}],"wp:term":[{"taxonomy":"category","embeddable":true,"href":"https:\/\/saf-wien.at\/wpneu\/index.php\/wp-json\/wp\/v2\/categories?post=360"},{"taxonomy":"post_tag","embeddable":true,"href":"https:\/\/saf-wien.at\/wpneu\/index.php\/wp-json\/wp\/v2\/tags?post=360"}],"curies":[{"name":"wp","href":"https:\/\/api.w.org\/{rel}","templated":true}]}}