{"id":350,"date":"2017-04-24T20:05:19","date_gmt":"2017-04-24T20:05:19","guid":{"rendered":"https:\/\/saf-wien.at\/wpneu\/index.php\/2017\/04\/24\/die-montagsregatten-eine-saf-tradition\/"},"modified":"2017-04-24T20:05:19","modified_gmt":"2017-04-24T20:05:19","slug":"die-montagsregatten-eine-saf-tradition","status":"publish","type":"post","link":"https:\/\/saf-wien.at\/wpneu\/index.php\/2017\/04\/24\/die-montagsregatten-eine-saf-tradition\/","title":{"rendered":"Die Montagsregatten &#8211; eine SAF Tradition"},"content":{"rendered":"<p>Traditionen. Manche Vereine leben f\u00fcr sie, manche definieren sich \u00fcber sie. Sinnvolle Traditionen, wichtige, alte oder nervige Traditionen. <br \/>Die Montagsregatta ist so eine Tradition. Sie ist alt, vielleicht sogar uralt, sie ist wichtig, sie ist sinnvoll, aber sie ist nie nervig.<\/p>\n<p><img decoding=\"async\" src=\"https:\/\/saf-wien.at\/wpneu\/wp-content\/uploads\/2022\/03\/oam2011_web_11.jpg\" alt=\"\" \/>Schon in den ersten Jahren nach der Vereinsgr\u00fcndung wurden die ersten Montagsregatten durchgef\u00fchrt. Damals noch auf der alten Donau, auf Segelschul-Piraten. <\/p>\n<p><img decoding=\"async\" src=\"https:\/\/saf-wien.at\/wpneu\/wp-content\/uploads\/2022\/03\/aom_2014_69.jpg\" alt=\"\" \/>Mit der \u00dcbersiedlung auf die neue Donau wurde das Format ge\u00e4ndert. Anstelle der Segelschul-Piraten k\u00f6nnen jetzt eigene Boote eingesetzt werden, die Wertung erfolgt nach Yardstick. Das hat der Montagsregatta gut getan. Denn es macht deutlich mehr Spa\u00df, auf besser ausger\u00fcsteten Booten segeln zu k\u00f6nnen. Und der Trainingseffekt ist nat\u00fcrlich h\u00f6her wenn man mit dem selben Boot, das auch in anderen Regatten eingesetzt wird, bei heimischen Wettfahrten starten kann. <\/p>\n<p><img decoding=\"async\" src=\"https:\/\/saf-wien.at\/wpneu\/wp-content\/uploads\/2022\/03\/oam2011_web_23.jpg\" alt=\"\" \/><\/p>\n<p>Apropos Training: wenngleich auch die Ergebnisse der Wettfahrten zusammengez\u00e4hlt und daraus am Saisonende der Vereinsmeister ermittelt wird, so ist es doch in erster Linie eine ideale Trainingsm\u00f6glichkeit. Besonders f\u00fcr all jene, die nicht so oft die Zeit und Muse haben, um zu ausw\u00e4rtigen Regatten zu fahren. Hier hat man die M\u00f6glichkeit, ohne Reisestress Regattaluft atmen zu k\u00f6nnen. Und nat\u00fcrlich auch f\u00fcr alle Regattaeinsteiger. Sie k\u00f6nnen sich angstfrei in eine Regatta wagen. Man kann in Ruhe beobachten, wie die Wettfahrtleitung agiert. Und Fehler werden von den anderen Teilnehmern toleriert. Da kann man sich Schritt f\u00fcr Schritt steigern und Sicherheit gewinnen. Um sp\u00e4ter dann vielleicht auch mal bei einer anderen, gr\u00f6\u00dferen Regatta mitzufahren. <\/p>\n<p>Heute geht es los mit der diesj\u00e4hrigen Serie. Wir freuen uns schon auf viele sch\u00f6ne und aufregende Montagsregatten.<\/p>\n","protected":false},"excerpt":{"rendered":"<p>Traditionen. Manche Vereine leben f\u00fcr sie, manche definieren sich \u00fcber sie. Sinnvolle Traditionen, wichtige, alte oder nervige Traditionen. Die Montagsregatta ist so eine Tradition. Sie ist alt, vielleicht sogar uralt, sie ist wichtig, sie ist sinnvoll, aber sie ist nie nervig. Schon in den ersten Jahren nach der Vereinsgr\u00fcndung wurden die ersten Montagsregatten durchgef\u00fchrt. Damals &#8230; <a title=\"Die Montagsregatten &#8211; eine SAF Tradition\" class=\"read-more\" href=\"https:\/\/saf-wien.at\/wpneu\/index.php\/2017\/04\/24\/die-montagsregatten-eine-saf-tradition\/\" aria-label=\"Mehr Informationen \u00fcber Die Montagsregatten &#8211; eine SAF Tradition\">Weiterlesen<\/a><\/p>\n","protected":false},"author":1,"featured_media":340,"comment_status":"open","ping_status":"open","sticky":false,"template":"","format":"standard","meta":{"footnotes":""},"categories":[1],"tags":[],"class_list":["post-350","post","type-post","status-publish","format-standard","has-post-thumbnail","hentry","category-uncategorized"],"_links":{"self":[{"href":"https:\/\/saf-wien.at\/wpneu\/index.php\/wp-json\/wp\/v2\/posts\/350","targetHints":{"allow":["GET"]}}],"collection":[{"href":"https:\/\/saf-wien.at\/wpneu\/index.php\/wp-json\/wp\/v2\/posts"}],"about":[{"href":"https:\/\/saf-wien.at\/wpneu\/index.php\/wp-json\/wp\/v2\/types\/post"}],"author":[{"embeddable":true,"href":"https:\/\/saf-wien.at\/wpneu\/index.php\/wp-json\/wp\/v2\/users\/1"}],"replies":[{"embeddable":true,"href":"https:\/\/saf-wien.at\/wpneu\/index.php\/wp-json\/wp\/v2\/comments?post=350"}],"version-history":[{"count":0,"href":"https:\/\/saf-wien.at\/wpneu\/index.php\/wp-json\/wp\/v2\/posts\/350\/revisions"}],"wp:featuredmedia":[{"embeddable":true,"href":"https:\/\/saf-wien.at\/wpneu\/index.php\/wp-json\/wp\/v2\/posts\/340"}],"wp:attachment":[{"href":"https:\/\/saf-wien.at\/wpneu\/index.php\/wp-json\/wp\/v2\/media?parent=350"}],"wp:term":[{"taxonomy":"category","embeddable":true,"href":"https:\/\/saf-wien.at\/wpneu\/index.php\/wp-json\/wp\/v2\/categories?post=350"},{"taxonomy":"post_tag","embeddable":true,"href":"https:\/\/saf-wien.at\/wpneu\/index.php\/wp-json\/wp\/v2\/tags?post=350"}],"curies":[{"name":"wp","href":"https:\/\/api.w.org\/{rel}","templated":true}]}}