{"id":340,"date":"2017-04-18T20:19:51","date_gmt":"2017-04-18T20:19:51","guid":{"rendered":"https:\/\/saf-wien.at\/wpneu\/index.php\/2017\/04\/18\/izola-2017-oder-eine-osterwoche-in-bildern\/"},"modified":"2017-04-18T20:19:51","modified_gmt":"2017-04-18T20:19:51","slug":"izola-2017-oder-eine-osterwoche-in-bildern","status":"publish","type":"post","link":"https:\/\/saf-wien.at\/wpneu\/index.php\/2017\/04\/18\/izola-2017-oder-eine-osterwoche-in-bildern\/","title":{"rendered":"Izola 2017 &#8230; oder eine Osterwoche in Bildern"},"content":{"rendered":"<p><img decoding=\"async\" src=\"https:\/\/saf-wien.at\/wpneu\/wp-content\/uploads\/2022\/03\/DSC_0176-960x540.jpg\" alt=\"\" \/>Wie jedes Jahr treffen sich Segler aus mehreren Nationen um sich in Izola auf die kommende Saison vorzubereiten. F\u00fcr die SAF Laser Master Segler ist dies der offizielle Startschuss f\u00fcr die Vorbereitung zur Laser Master-WM im kroatischen Split im September diesen Jahres.<\/p>\n<p><img decoding=\"async\" src=\"https:\/\/saf-wien.at\/wpneu\/wp-content\/uploads\/2022\/03\/P4110300-1152x648.jpg\" alt=\"\" \/>Vom SAF Laser Master Team mit dabei: J\u00f6rg, Alex, Regina, Werner und Helga (ab 8. von links).<\/p>\n<p><img decoding=\"async\" src=\"https:\/\/saf-wien.at\/wpneu\/wp-content\/uploads\/2022\/03\/DSC_0156-960x540.jpg\" alt=\"\" \/>Mit dabei auch Tommy Zajak, Olympia-Dritter von Rio 2016 im Nacra 17. In seinem Vortrag gew\u00e4hrt er tiefe Einblicke in sein Leben und die Zeit seiner Vorbereitung zu den olympischen Spielen. <br \/>PS: was nicht viele wissen: Tommy war vor vielen Jahren Mitglied im SAF und hat hier das Segeln gelernt.<\/p>\n<p><img decoding=\"async\" src=\"https:\/\/saf-wien.at\/wpneu\/wp-content\/uploads\/2022\/03\/P4120308-1152x648.jpg\" alt=\"\" \/><strong>Ein typischer Trainingstag in Izola:<\/strong> <\/p>\n<ul>\n<li>Morgensport um 7:30 Uhr.<\/li>\n<li>Vormittag: Boote \u00fcberpr\u00fcfen, Sch\u00e4den beheben, Besprechung mit den Trainern, warten auf Wind.<\/li>\n<li>Nachmittag: Auslaufen mit Einsetzen der Thermik, 4 bis 5 Stunden Wassertraining.<\/li>\n<\/ul>\n<p><img decoding=\"async\" src=\"https:\/\/saf-wien.at\/wpneu\/wp-content\/uploads\/2022\/03\/P4100287-1152x648.jpg\" alt=\"\" \/><strong>Montag:<\/strong> am Abend treffen wir in Portoroz Gail. Bei ihr k\u00f6nnen wir uns kosteng\u00fcnstig mit Segelbekleidung und Zubeh\u00f6r der Firma Rooster eindecken.<\/p>\n<p><img decoding=\"async\" src=\"https:\/\/saf-wien.at\/wpneu\/wp-content\/uploads\/2022\/03\/DSC_0171-540x960.jpg\" alt=\"\" \/><strong>Mittwoch:<\/strong> ich treffe mich mit Werner nach dem Abendessen. Er hat T-Shirt und Shorts an, ich Winterjacke, lange Hose und Pullover. Irgendwie scheint es mir, dass wir in einer verschiedenen Klimazone leben \ud83d\ude42<\/p>\n<p><img decoding=\"async\" src=\"https:\/\/saf-wien.at\/wpneu\/wp-content\/uploads\/2022\/03\/DSC_0163-960x540.jpg\" alt=\"\" \/><strong>Donnerstag:<\/strong> brennt hier der Hafen? Nein. Die Fans des lokalen Fu\u00dfballclubs feiern lautstark den Sieg ihrer Mannschaft.<\/p>\n<p><img decoding=\"async\" src=\"https:\/\/saf-wien.at\/wpneu\/wp-content\/uploads\/2022\/03\/P4140327-1152x648.jpg\" alt=\"\" \/><strong>Freitag:<\/strong> der Spring Cup, unsere erste Regatta im Jahr, beginnt. Ca. 120 Laser Segler aus 12 Nationen, aufgeteilt auf die Klassen Laser Standard, Laser Radial und Laser 4.7 sind angereist, um ihren Leistungsstand am Anfang der Saison zu \u00fcberpr\u00fcfen. Wir, die SAF Master Segler, k\u00e4mpfen anfangs mit den ungewohnt vielen Booten, die sich da auf dem Kurs herumtummeln. Mit der Zeit wird es jedoch besser und wir k\u00f6nnen die Erfahrungen, die wir in unserer Trainingswoche gesammelt haben, ausspielen und uns von Wettfahrt zu Wettfahrt verbessern. In dee Mitte des Bildes sehen wir Werner (AUT 202170) beim Runden der Luv-Boje.<\/p>\n<p><img decoding=\"async\" src=\"https:\/\/saf-wien.at\/wpneu\/wp-content\/uploads\/2022\/03\/DSC_0186-960x540.jpg\" alt=\"\" \/><strong>Sonntag:<\/strong> nachdem uns der Samstag nur Regen und Flaute beschert hat und daher keine Wettfahrt m\u00f6glich war begr\u00fc\u00dfen uns am Sonntag Sonnenschein und eine Henne, die uns am Morgen frohe Ostern w\u00fcnscht.Nach langem Warten am Wasser springt dann doch eine Thermik an und wir k\u00f6nnen zwei weitere Wettfahrten bei leichten, aber drehenden Winden segeln. <\/p>\n<p><strong>Fazit:<\/strong> eine tolle Trainingswoche und ein idealer Einstieg in die WM Saison.<\/p>\n<p><strong>Die offiziellen Bilder zum Izola Spring Cup:<\/strong><a href=\"https:\/\/www.youtube.com\/watch?v=UoJK3yPW5vM\">Tag 1<\/a> und<a href=\"https:\/\/www.youtube.com\/watch?v=M5YwtCaoSwo\">Tag 3<\/a>.<\/p>\n<p><strong>Die Ergebnisse:<\/strong> <a href=\"http:\/\/www.jadralniklub-burja.si\/springcup2017\/results\/laser.html\">Laser Standard<\/a>,<a href=\"http:\/\/www.jadralniklub-burja.si\/springcup2017\/results\/laser-radial.html\">Laser Radial<\/a><\/p>\n","protected":false},"excerpt":{"rendered":"<p>Wie jedes Jahr treffen sich Segler aus mehreren Nationen um sich in Izola auf die kommende Saison vorzubereiten. F\u00fcr die SAF Laser Master Segler ist dies der offizielle Startschuss f\u00fcr die Vorbereitung zur Laser Master-WM im kroatischen Split im September diesen Jahres. Vom SAF Laser Master Team mit dabei: J\u00f6rg, Alex, Regina, Werner und Helga &#8230; <a title=\"Izola 2017 &#8230; oder eine Osterwoche in Bildern\" class=\"read-more\" href=\"https:\/\/saf-wien.at\/wpneu\/index.php\/2017\/04\/18\/izola-2017-oder-eine-osterwoche-in-bildern\/\" aria-label=\"Mehr Informationen \u00fcber Izola 2017 &#8230; oder eine Osterwoche in Bildern\">Weiterlesen<\/a><\/p>\n","protected":false},"author":1,"featured_media":330,"comment_status":"open","ping_status":"open","sticky":false,"template":"","format":"standard","meta":{"footnotes":""},"categories":[1],"tags":[],"class_list":["post-340","post","type-post","status-publish","format-standard","has-post-thumbnail","hentry","category-uncategorized"],"_links":{"self":[{"href":"https:\/\/saf-wien.at\/wpneu\/index.php\/wp-json\/wp\/v2\/posts\/340","targetHints":{"allow":["GET"]}}],"collection":[{"href":"https:\/\/saf-wien.at\/wpneu\/index.php\/wp-json\/wp\/v2\/posts"}],"about":[{"href":"https:\/\/saf-wien.at\/wpneu\/index.php\/wp-json\/wp\/v2\/types\/post"}],"author":[{"embeddable":true,"href":"https:\/\/saf-wien.at\/wpneu\/index.php\/wp-json\/wp\/v2\/users\/1"}],"replies":[{"embeddable":true,"href":"https:\/\/saf-wien.at\/wpneu\/index.php\/wp-json\/wp\/v2\/comments?post=340"}],"version-history":[{"count":0,"href":"https:\/\/saf-wien.at\/wpneu\/index.php\/wp-json\/wp\/v2\/posts\/340\/revisions"}],"wp:featuredmedia":[{"embeddable":true,"href":"https:\/\/saf-wien.at\/wpneu\/index.php\/wp-json\/wp\/v2\/posts\/330"}],"wp:attachment":[{"href":"https:\/\/saf-wien.at\/wpneu\/index.php\/wp-json\/wp\/v2\/media?parent=340"}],"wp:term":[{"taxonomy":"category","embeddable":true,"href":"https:\/\/saf-wien.at\/wpneu\/index.php\/wp-json\/wp\/v2\/categories?post=340"},{"taxonomy":"post_tag","embeddable":true,"href":"https:\/\/saf-wien.at\/wpneu\/index.php\/wp-json\/wp\/v2\/tags?post=340"}],"curies":[{"name":"wp","href":"https:\/\/api.w.org\/{rel}","templated":true}]}}