{"id":290,"date":"2017-03-08T18:19:19","date_gmt":"2017-03-08T18:19:19","guid":{"rendered":"https:\/\/saf-wien.at\/wpneu\/index.php\/2017\/03\/08\/segeln-macht-schon-2\/"},"modified":"2017-03-08T18:19:19","modified_gmt":"2017-03-08T18:19:19","slug":"segeln-macht-schon-2","status":"publish","type":"post","link":"https:\/\/saf-wien.at\/wpneu\/index.php\/2017\/03\/08\/segeln-macht-schon-2\/","title":{"rendered":"Segeln macht sch\u00f6n :-)"},"content":{"rendered":"<p><strong>September 2016.<\/strong> Auf der R\u00fcckreise vom Laser Europa Cup am Attersee sind wir in Sch\u00f6rfling auf diesen Weg gesto\u00dfen.<\/p>\n<p><img decoding=\"async\" src=\"https:\/\/saf-wien.at\/wpneu\/wp-content\/uploads\/2022\/03\/IMG_0758b.jpg\" alt=\"\" \/>Wir waren &#8211; und sind uns auch heute noch &#8211; sicher: es wirkt. Sind wir nicht alle deutlich sch\u00f6ner geworden? <br \/>In diesem Sinne freuen wir uns jetzt schon auf eine &#8222;sch\u00f6ne&#8220; neue Segelsaison.<\/p>\n","protected":false},"excerpt":{"rendered":"<p>September 2016. Auf der R\u00fcckreise vom Laser Europa Cup am Attersee sind wir in Sch\u00f6rfling auf diesen Weg gesto\u00dfen. Wir waren &#8211; und sind uns auch heute noch &#8211; sicher: es wirkt. Sind wir nicht alle deutlich sch\u00f6ner geworden? In diesem Sinne freuen wir uns jetzt schon auf eine &#8222;sch\u00f6ne&#8220; neue Segelsaison.<\/p>\n","protected":false},"author":1,"featured_media":280,"comment_status":"open","ping_status":"open","sticky":false,"template":"","format":"standard","meta":{"footnotes":""},"categories":[1],"tags":[],"class_list":["post-290","post","type-post","status-publish","format-standard","has-post-thumbnail","hentry","category-uncategorized"],"_links":{"self":[{"href":"https:\/\/saf-wien.at\/wpneu\/index.php\/wp-json\/wp\/v2\/posts\/290","targetHints":{"allow":["GET"]}}],"collection":[{"href":"https:\/\/saf-wien.at\/wpneu\/index.php\/wp-json\/wp\/v2\/posts"}],"about":[{"href":"https:\/\/saf-wien.at\/wpneu\/index.php\/wp-json\/wp\/v2\/types\/post"}],"author":[{"embeddable":true,"href":"https:\/\/saf-wien.at\/wpneu\/index.php\/wp-json\/wp\/v2\/users\/1"}],"replies":[{"embeddable":true,"href":"https:\/\/saf-wien.at\/wpneu\/index.php\/wp-json\/wp\/v2\/comments?post=290"}],"version-history":[{"count":0,"href":"https:\/\/saf-wien.at\/wpneu\/index.php\/wp-json\/wp\/v2\/posts\/290\/revisions"}],"wp:featuredmedia":[{"embeddable":true,"href":"https:\/\/saf-wien.at\/wpneu\/index.php\/wp-json\/wp\/v2\/posts\/280"}],"wp:attachment":[{"href":"https:\/\/saf-wien.at\/wpneu\/index.php\/wp-json\/wp\/v2\/media?parent=290"}],"wp:term":[{"taxonomy":"category","embeddable":true,"href":"https:\/\/saf-wien.at\/wpneu\/index.php\/wp-json\/wp\/v2\/categories?post=290"},{"taxonomy":"post_tag","embeddable":true,"href":"https:\/\/saf-wien.at\/wpneu\/index.php\/wp-json\/wp\/v2\/tags?post=290"}],"curies":[{"name":"wp","href":"https:\/\/api.w.org\/{rel}","templated":true}]}}