{"id":260,"date":"2017-02-21T20:53:21","date_gmt":"2017-02-21T20:53:21","guid":{"rendered":"https:\/\/saf-wien.at\/wpneu\/index.php\/2017\/02\/21\/die-ganze-neue-donau-ist-vereist-2\/"},"modified":"2017-02-21T20:53:21","modified_gmt":"2017-02-21T20:53:21","slug":"die-ganze-neue-donau-ist-vereist-2","status":"publish","type":"post","link":"https:\/\/saf-wien.at\/wpneu\/index.php\/2017\/02\/21\/die-ganze-neue-donau-ist-vereist-2\/","title":{"rendered":"Die ganze Neue Donau ist von Eis bedeckt  &#8230;"},"content":{"rendered":"<p>&#8230; die ganze Neue Donau? Nein! Ein kleines Fleckchen Wasser im Nord-Westen ist eisfrei.<\/p>\n<p><img decoding=\"async\" src=\"https:\/\/saf-wien.at\/wpneu\/wp-content\/uploads\/2022\/03\/X_Eissegeln_von_der_Ferne_1.jpg\" alt=\"\" \/>Und schon sieht man neben Schw\u00e4nen, M\u00f6wen und Enten vereinzelt auch den einen oder anderen Segler, der auf der freien Wasserfl\u00e4che seine Runden dreht.<\/p>\n<p><img decoding=\"async\" src=\"https:\/\/saf-wien.at\/wpneu\/wp-content\/uploads\/2022\/03\/X_Eissegeln_von_der_Ferne_3.jpg\" alt=\"\" \/>Sich von den ersten Sonnenstrahlen w\u00e4rmen lassen, die B\u00f6en f\u00fchlen und auch das Wasser, wenn man unvermutet doch mal baden geht. Denn die Selbstverst\u00e4ndlichkeit, mit der man im Herbst noch alle Man\u00f6ver ohne nachzudenken fahren konnte, hat sich \u00fcber den Winter leider nicht erhalten. <br \/>In diesem kleinen <a href=\"https:\/\/www.youtube.com\/watch?v=dptRJyxtDwg\">Video<\/a> sieht man was ich meine \ud83d\ude42 <a href=\"https:\/\/www.youtube.com\/watch?v=BIi2uH1HQMM\">N\u00e4chster Versuch<\/a> ein klein wenig besser.<\/p>\n<p><strong>Achtung<\/strong>: Video-Link bitte mit der rechten Maustaste anklicken und &#8222;in einem neuen Fenster \u00f6ffnen&#8220; ausw\u00e4hlen.<\/p>\n<p>Ich m\u00f6chte mich hier auch bei den beiden Fotografen Patrick und Franz bedanken, ohne deren Hilfe diese Foto-und Video Session nicht m\u00f6glich gewesen w\u00e4re. <\/p>\n","protected":false},"excerpt":{"rendered":"<p>&#8230; die ganze Neue Donau? Nein! Ein kleines Fleckchen Wasser im Nord-Westen ist eisfrei. Und schon sieht man neben Schw\u00e4nen, M\u00f6wen und Enten vereinzelt auch den einen oder anderen Segler, der auf der freien Wasserfl\u00e4che seine Runden dreht. Sich von den ersten Sonnenstrahlen w\u00e4rmen lassen, die B\u00f6en f\u00fchlen und auch das Wasser, wenn man unvermutet &#8230; <a title=\"Die ganze Neue Donau ist von Eis bedeckt  &#8230;\" class=\"read-more\" href=\"https:\/\/saf-wien.at\/wpneu\/index.php\/2017\/02\/21\/die-ganze-neue-donau-ist-vereist-2\/\" aria-label=\"Mehr Informationen \u00fcber Die ganze Neue Donau ist von Eis bedeckt  &#8230;\">Weiterlesen<\/a><\/p>\n","protected":false},"author":1,"featured_media":250,"comment_status":"open","ping_status":"open","sticky":false,"template":"","format":"standard","meta":{"footnotes":""},"categories":[1],"tags":[],"class_list":["post-260","post","type-post","status-publish","format-standard","has-post-thumbnail","hentry","category-uncategorized"],"_links":{"self":[{"href":"https:\/\/saf-wien.at\/wpneu\/index.php\/wp-json\/wp\/v2\/posts\/260","targetHints":{"allow":["GET"]}}],"collection":[{"href":"https:\/\/saf-wien.at\/wpneu\/index.php\/wp-json\/wp\/v2\/posts"}],"about":[{"href":"https:\/\/saf-wien.at\/wpneu\/index.php\/wp-json\/wp\/v2\/types\/post"}],"author":[{"embeddable":true,"href":"https:\/\/saf-wien.at\/wpneu\/index.php\/wp-json\/wp\/v2\/users\/1"}],"replies":[{"embeddable":true,"href":"https:\/\/saf-wien.at\/wpneu\/index.php\/wp-json\/wp\/v2\/comments?post=260"}],"version-history":[{"count":0,"href":"https:\/\/saf-wien.at\/wpneu\/index.php\/wp-json\/wp\/v2\/posts\/260\/revisions"}],"wp:featuredmedia":[{"embeddable":true,"href":"https:\/\/saf-wien.at\/wpneu\/index.php\/wp-json\/wp\/v2\/posts\/250"}],"wp:attachment":[{"href":"https:\/\/saf-wien.at\/wpneu\/index.php\/wp-json\/wp\/v2\/media?parent=260"}],"wp:term":[{"taxonomy":"category","embeddable":true,"href":"https:\/\/saf-wien.at\/wpneu\/index.php\/wp-json\/wp\/v2\/categories?post=260"},{"taxonomy":"post_tag","embeddable":true,"href":"https:\/\/saf-wien.at\/wpneu\/index.php\/wp-json\/wp\/v2\/tags?post=260"}],"curies":[{"name":"wp","href":"https:\/\/api.w.org\/{rel}","templated":true}]}}