{"id":2359,"date":"2022-02-28T15:36:22","date_gmt":"2022-02-28T15:36:22","guid":{"rendered":"https:\/\/saf-wien.at\/wpneu\/index.php\/2022\/02\/28\/es-geht-wieder-los\/"},"modified":"2025-01-22T12:43:34","modified_gmt":"2025-01-22T12:43:34","slug":"es-geht-wieder-los","status":"publish","type":"post","link":"https:\/\/saf-wien.at\/wpneu\/index.php\/2022\/02\/28\/es-geht-wieder-los\/","title":{"rendered":"Es geht wieder los"},"content":{"rendered":"<p>Es gibt sie noch. Diese wenigen Stunden, in denen das Wetter hold ist, der Wind gn\u00e4dig ein bisschen nach S\u00fcd dreht und die Temperaturen mal kurz \u00fcber die 10 Grad Grenze springen l\u00e4sst. <br \/>Eine Pause macht von den ewigen St\u00fcrmen, die den Wind aus West \u00fcber das Wasser peitschen und einen die K\u00e4lte in die Glieder treibt.<\/p>\n<p><img decoding=\"async\" src=\"https:\/\/saf-wien.at\/wpneu\/wp-content\/uploads\/2022\/03\/IMG_0527_klein.jpg\" alt=\"Laser-Segelboot an der neuen Donau\" title=\"\" \/><\/p>\n<p>Richtig optimale Bedingungen, um nach dem langen Winter wieder einen Segelversuch zu starten.<\/p>\n<p><img decoding=\"async\" src=\"https:\/\/saf-wien.at\/wpneu\/wp-content\/uploads\/2022\/03\/IMG_0506_klein.jpg\" alt=\"J\u00f6rg stellt den Mast auf\" title=\"\" \/><br \/>Der Mast wird gestellt &#8230;<\/p>\n<p><img decoding=\"async\" src=\"https:\/\/saf-wien.at\/wpneu\/wp-content\/uploads\/2022\/03\/IMG_0507_klein.jpg\" alt=\"J\u00f6rg mit Boot\" title=\"\" \/><br \/>&#8230; alle Teile sind noch da \ud83d\ude42 &#8230;<\/p>\n<p><img decoding=\"async\" src=\"https:\/\/saf-wien.at\/wpneu\/wp-content\/uploads\/2022\/03\/IMG_0508_klein.jpg\" alt=\"Ein unbekannter Schn\u00fcrdl am Boot?\" title=\"\" \/><br \/>&#8230; wof\u00fcr ist doch dieses Schn\u00fcrdel denn gut ???<\/p>\n<p><img decoding=\"async\" src=\"https:\/\/saf-wien.at\/wpneu\/wp-content\/uploads\/2022\/03\/IMG_0518_klein.jpg\" alt=\"J\u00f6rg beim Aufw\u00e4rmen\" title=\"\" \/><br \/>Geschafft: Boot ist fertig. Jetzt ein bisschen aufw\u00e4rmen &#8230;<\/p>\n<p><img decoding=\"async\" src=\"https:\/\/saf-wien.at\/wpneu\/wp-content\/uploads\/2022\/03\/IMG_0521_klein.jpg\" alt=\"J\u00f6rg bringt das Boot ins Wasser\" title=\"\" \/><br \/>&#8230; Boot ins Wasser &#8230;<\/p>\n<p><img decoding=\"async\" src=\"https:\/\/saf-wien.at\/wpneu\/wp-content\/uploads\/2022\/03\/IMG_0523-jpeg_klein.jpg\" alt=\"2 Laser auf der Neuen Donau\" title=\"\" \/><br \/>&#8230; und los gehts. Wir freuen uns auf eine neue Segelsaison.<\/p>\n","protected":false},"excerpt":{"rendered":"<p>Es gibt sie noch. Diese wenigen Stunden, in denen das Wetter hold ist, der Wind gn\u00e4dig ein bisschen nach S\u00fcd dreht und die Temperaturen mal kurz \u00fcber die 10 Grad Grenze springen l\u00e4sst. Eine Pause macht von den ewigen St\u00fcrmen, die den Wind aus West \u00fcber das Wasser peitschen und einen die K\u00e4lte in die &#8230; <a title=\"Es geht wieder los\" class=\"read-more\" href=\"https:\/\/saf-wien.at\/wpneu\/index.php\/2022\/02\/28\/es-geht-wieder-los\/\" aria-label=\"Mehr Informationen \u00fcber Es geht wieder los\">Weiterlesen<\/a><\/p>\n","protected":false},"author":1,"featured_media":1650,"comment_status":"open","ping_status":"open","sticky":false,"template":"","format":"standard","meta":{"footnotes":""},"categories":[10],"tags":[],"class_list":["post-2359","post","type-post","status-publish","format-standard","has-post-thumbnail","hentry","category-training"],"_links":{"self":[{"href":"https:\/\/saf-wien.at\/wpneu\/index.php\/wp-json\/wp\/v2\/posts\/2359","targetHints":{"allow":["GET"]}}],"collection":[{"href":"https:\/\/saf-wien.at\/wpneu\/index.php\/wp-json\/wp\/v2\/posts"}],"about":[{"href":"https:\/\/saf-wien.at\/wpneu\/index.php\/wp-json\/wp\/v2\/types\/post"}],"author":[{"embeddable":true,"href":"https:\/\/saf-wien.at\/wpneu\/index.php\/wp-json\/wp\/v2\/users\/1"}],"replies":[{"embeddable":true,"href":"https:\/\/saf-wien.at\/wpneu\/index.php\/wp-json\/wp\/v2\/comments?post=2359"}],"version-history":[{"count":1,"href":"https:\/\/saf-wien.at\/wpneu\/index.php\/wp-json\/wp\/v2\/posts\/2359\/revisions"}],"predecessor-version":[{"id":2410,"href":"https:\/\/saf-wien.at\/wpneu\/index.php\/wp-json\/wp\/v2\/posts\/2359\/revisions\/2410"}],"wp:featuredmedia":[{"embeddable":true,"href":"https:\/\/saf-wien.at\/wpneu\/index.php\/wp-json\/"}],"wp:attachment":[{"href":"https:\/\/saf-wien.at\/wpneu\/index.php\/wp-json\/wp\/v2\/media?parent=2359"}],"wp:term":[{"taxonomy":"category","embeddable":true,"href":"https:\/\/saf-wien.at\/wpneu\/index.php\/wp-json\/wp\/v2\/categories?post=2359"},{"taxonomy":"post_tag","embeddable":true,"href":"https:\/\/saf-wien.at\/wpneu\/index.php\/wp-json\/wp\/v2\/tags?post=2359"}],"curies":[{"name":"wp","href":"https:\/\/api.w.org\/{rel}","templated":true}]}}