{"id":200,"date":"2017-01-02T16:44:26","date_gmt":"2017-01-02T16:44:26","guid":{"rendered":"https:\/\/saf-wien.at\/wpneu\/index.php\/2017\/01\/02\/bilder-einer-silvesterregatta-das-war-hvar-2016\/"},"modified":"2017-01-02T16:44:26","modified_gmt":"2017-01-02T16:44:26","slug":"bilder-einer-silvesterregatta-das-war-hvar-2016","status":"publish","type":"post","link":"https:\/\/saf-wien.at\/wpneu\/index.php\/2017\/01\/02\/bilder-einer-silvesterregatta-das-war-hvar-2016\/","title":{"rendered":"Bilder einer Silvesterregatta &#8211; das war Hvar 2016"},"content":{"rendered":"<p>Zum 40. Mal in der Geschichte des SC Zvir wird die Silvester Regatta auf Hvar (Kroatien) ausgetragen, zum ersten Mal mit Beteiligung von SAF Laser Seglern. Die Silvester Regatta ist der Finalbewerb der Europacup-Serie 2016. Und obwohl die Temperaturen nicht gerade ein Sommer-Feeling erwarten lassen, haben sich Laser-Segler aus 14 Nationen eingefunden, um hier den Jahreswechsel auf seglerische Art zu begehen.<\/p>\n<p><img decoding=\"async\" src=\"https:\/\/saf-wien.at\/wpneu\/wp-content\/uploads\/2022\/03\/IMG_1942.jpg\" alt=\"\" \/>Vom SAF mit dabei sind Clemens und J\u00f6rg, hier vor der Abfahrt der F\u00e4hre nach Hvar.<\/p>\n<p><img decoding=\"async\" src=\"https:\/\/saf-wien.at\/wpneu\/wp-content\/uploads\/2022\/03\/Hvar001.jpg\" alt=\"\" \/>Auf der Insel sind schon alle in Weihnachtsstimmung, wie wir an diesem Christbaum am Hauptplatz von Hvar sehen k\u00f6nnen. Zu aller Entsetzen machte sich jedoch gerade dieser Baum in einer abendlichen Bora-B\u00f6 selbst\u00e4ndig, flog quer \u00fcber den Platz und landete schlie\u00dflich direkt vor dem Race-Office an einer Hausmauer. Am Bild Clemens mit seinen Eltern Anna und Peter.<\/p>\n<p><img decoding=\"async\" src=\"https:\/\/saf-wien.at\/wpneu\/wp-content\/uploads\/2022\/03\/P1010529.jpg\" alt=\"\" \/>Der Tag vor der Regatta gibt uns die M\u00f6glichkeit, alle Systeme noch einmal zu \u00fcberpr\u00fcfen und eine Trainingseinheit mit dem Team von Andreas Geritzer zu absolvieren.<\/p>\n<p><img decoding=\"async\" src=\"https:\/\/saf-wien.at\/wpneu\/wp-content\/uploads\/2022\/03\/IMG_1983.jpg\" alt=\"\" \/>Viel bis sehr viel Wind (B\u00f6en bis 30 kn), relativ kalt (8 Grad, die sich durch die Bora noch k\u00e4lter anf\u00fchlen) und ziemlich hohe Wellen auf der Au\u00dfenbahn. Ein paar Worte, die die ersten drei Wettfahrtstage beschreiben. Der letzte Tag windlos. Starts werden probiert, die Wettfahrten jedoch abgebrochen. Clemens kann alle Wettfahrten beenden (bei einer Ausfallsquote von fast 40%) und erreicht bei seinem ersten Antreten auf einem Meeres-Revier den hervorragenden 25. Platz (von 36). Und bringt die Erkenntnis mit, dass man auch bei mehr als 20 kn Wind auf der Kreuz wegen Pumpens noch gepfiffen werden kann \ud83d\ude42<\/p>\n<p><img decoding=\"async\" src=\"https:\/\/saf-wien.at\/wpneu\/wp-content\/uploads\/2022\/03\/DSC_1406-960x540.jpg\" alt=\"\" \/>Mit einem s\u00fcdl\u00e4ndischen Silvesterabend und dem Sound einer kroatischen Rock-Band, die hier ihr 40-Jahres Jubil\u00e4um feiert, verabschiedet sich das SAF-Team in das neue Segel-Jahr und w\u00fcnscht allen Lesern dieses Blogs ein sch\u00f6nes, erfolgreiches und friedvolles Jahr 2017.<\/p>\n<p>Weitere Informationen zur Hvar Silvesterregatta finden Sie <a href=\"http:\/\/www.jkzvir.hr\/en\/\">hier<\/a>, die vollst\u00e4ndige Ergebnisliste <a href=\"http:\/\/www.jkzvir.hr\/en\/regattas\/laser_europa_cup\/results\">hier<\/a>.<\/p>\n","protected":false},"excerpt":{"rendered":"<p>Zum 40. Mal in der Geschichte des SC Zvir wird die Silvester Regatta auf Hvar (Kroatien) ausgetragen, zum ersten Mal mit Beteiligung von SAF Laser Seglern. Die Silvester Regatta ist der Finalbewerb der Europacup-Serie 2016. Und obwohl die Temperaturen nicht gerade ein Sommer-Feeling erwarten lassen, haben sich Laser-Segler aus 14 Nationen eingefunden, um hier den &#8230; <a title=\"Bilder einer Silvesterregatta &#8211; das war Hvar 2016\" class=\"read-more\" href=\"https:\/\/saf-wien.at\/wpneu\/index.php\/2017\/01\/02\/bilder-einer-silvesterregatta-das-war-hvar-2016\/\" aria-label=\"Mehr Informationen \u00fcber Bilder einer Silvesterregatta &#8211; das war Hvar 2016\">Weiterlesen<\/a><\/p>\n","protected":false},"author":1,"featured_media":190,"comment_status":"open","ping_status":"open","sticky":false,"template":"","format":"standard","meta":{"footnotes":""},"categories":[1],"tags":[],"class_list":["post-200","post","type-post","status-publish","format-standard","has-post-thumbnail","hentry","category-uncategorized"],"_links":{"self":[{"href":"https:\/\/saf-wien.at\/wpneu\/index.php\/wp-json\/wp\/v2\/posts\/200","targetHints":{"allow":["GET"]}}],"collection":[{"href":"https:\/\/saf-wien.at\/wpneu\/index.php\/wp-json\/wp\/v2\/posts"}],"about":[{"href":"https:\/\/saf-wien.at\/wpneu\/index.php\/wp-json\/wp\/v2\/types\/post"}],"author":[{"embeddable":true,"href":"https:\/\/saf-wien.at\/wpneu\/index.php\/wp-json\/wp\/v2\/users\/1"}],"replies":[{"embeddable":true,"href":"https:\/\/saf-wien.at\/wpneu\/index.php\/wp-json\/wp\/v2\/comments?post=200"}],"version-history":[{"count":0,"href":"https:\/\/saf-wien.at\/wpneu\/index.php\/wp-json\/wp\/v2\/posts\/200\/revisions"}],"wp:featuredmedia":[{"embeddable":true,"href":"https:\/\/saf-wien.at\/wpneu\/index.php\/wp-json\/wp\/v2\/posts\/190"}],"wp:attachment":[{"href":"https:\/\/saf-wien.at\/wpneu\/index.php\/wp-json\/wp\/v2\/media?parent=200"}],"wp:term":[{"taxonomy":"category","embeddable":true,"href":"https:\/\/saf-wien.at\/wpneu\/index.php\/wp-json\/wp\/v2\/categories?post=200"},{"taxonomy":"post_tag","embeddable":true,"href":"https:\/\/saf-wien.at\/wpneu\/index.php\/wp-json\/wp\/v2\/tags?post=200"}],"curies":[{"name":"wp","href":"https:\/\/api.w.org\/{rel}","templated":true}]}}