{"id":1918,"date":"2016-10-22T21:12:51","date_gmt":"2016-10-22T21:12:51","guid":{"rendered":"https:\/\/saf-wien.at\/wpneu\/index.php\/2016\/10\/22\/laser-master-em-auf-hvar\/"},"modified":"2016-10-22T21:12:51","modified_gmt":"2016-10-22T21:12:51","slug":"laser-master-em-auf-hvar","status":"publish","type":"post","link":"https:\/\/saf-wien.at\/wpneu\/index.php\/2016\/10\/22\/laser-master-em-auf-hvar\/","title":{"rendered":"Laser Master EM auf Hvar"},"content":{"rendered":"<p>Ungew\u00f6hnlich sp\u00e4t, vom 22. bis zum 28.10.2016, wurde in diesem Jahr die Laser Master EM auf Hvar (Kroatien) angesetzt. <\/p>\n<p><img decoding=\"async\" src=\"https:\/\/saf-wien.at\/wpneu\/wp-content\/uploads\/2022\/03\/DSC_1156.jpg\" alt=\"\" \/><\/p>\n<p>Da hofft man nat\u00fcrlich auf sp\u00e4tsommerliche Herbsttage mit angenehmen Winden. Mit Schaudern denkt man aber auch zur\u00fcck an kroatische Meisterschaften, bei denen die Bora \u00fcber den tief verschneiten Velebit gefegt ist und wir bei 6 Grad Lufttemperatur versucht haben, zu intensiven Wasserkontakt zu vermeiden.<\/p>\n<p>Mit von der Partie sind heuer 3 SAF Mitglieder: Helga, Werner und ich.<\/p>\n<p><img decoding=\"async\" src=\"https:\/\/saf-wien.at\/wpneu\/wp-content\/uploads\/2022\/03\/DSC_1122-1.jpg\" alt=\"\" \/><\/p>\n<h5 id=\"do2010\">Do, 20.10.<\/h5>\n<p>Ankunft mit der F\u00e4hre in Starigrad. Von hier sind es nur noch 15 km bis Hvar.<\/p>\n<p><img decoding=\"async\" src=\"https:\/\/saf-wien.at\/wpneu\/wp-content\/uploads\/2022\/03\/DSC_1123.jpg\" alt=\"\" \/><\/p>\n<p>Blick von der Terrasse unseres Appartements auf die Bucht vor Hvar. Hier sollen die Wettk\u00e4mpfe ausgetragen werden. <\/p>\n<h5 id=\"fr2110\">Fr, 21.10.<\/h5>\n<p>Am Vormittag steht die Bootsvermessung auf dem Programm. <\/p>\n<p><img decoding=\"async\" src=\"https:\/\/saf-wien.at\/wpneu\/wp-content\/uploads\/2022\/03\/DSC_1133.jpg\" alt=\"\" \/><\/p>\n<p>Bei Helgas Ruderkopf wird eine Beilagscheibe entdeckt, die einen halben Zentimeter zu gro\u00df war, Werner hat Probleme mit einem zu wenig wasserdichten Klebestreifen an seinem Mastoberteil. Beides kann aber problemlos behoben werden. <\/p>\n<p>Am Nachmittag gehts raus zu einer Trainingsrunde mit Seglerinnen aus Deutschland und Kanada. Wenig Wind, unangenehme, unregelm\u00e4\u00dfige Welle. Wir stellen fest: die sind verdammt schnell, diese M\u00e4dels. <br \/>Beim Zur\u00fcckfahren entdecken wir 2 Windhosen ganz in unserer N\u00e4he. Eine davon reicht bis zum Wasser hinab und wirbelt eine Wasserfont\u00e4ne bis ca 20m H\u00f6he auf. <br \/>Das erste Mal, dass ich so was aus so unmittelbarer N\u00e4he erlebe. Als sie sich uns dann weiter n\u00e4heren suchen wir fluchtartig das Ufer auf. Zu schade, dass wir hier keinen Fotoapparat mit dabei hatten. <\/p>\n<h5 id=\"sa2210\">Sa, 22.10.<\/h5>\n<p><img decoding=\"async\" src=\"https:\/\/saf-wien.at\/wpneu\/wp-content\/uploads\/2022\/03\/DSC_1142.jpg\" alt=\"\" \/><\/p>\n<p>&#8222;I decleare the Laser Master European Championships opened&#8220;. Mit diesen Worten, begleitet von einem kroatischen M\u00e4nnerchor, wurde am Hauptplatz von Hvar die Laser EM feierlich er\u00f6ffnet. <\/p>\n<p>Davor stand noch das Practice Race, die offizielle Generalprobe, auf dem Programm. Wenig Wind (6 bis 8 kn), daf\u00fcr aber Kabbelwelle und eine kr\u00e4ftige Str\u00f6mung stellten unsere Nerven auf eine harte Probe. Und sp\u00fclte einige Favoriten sowie fast das gesamte \u00f6sterreichische Team an das Ende des Feldes. &#8222;H\u00e4tte man die 10 letzten erschossen&#8220;, meine ein total frustrierter Martin Lehner (mehrmaliger Europa- und \u00f6sterreichischer Meister), &#8222;h\u00e4tte man 7 \u00d6sterreicher erwischt&#8220;.<\/p>\n<h5 id=\"so2310undmo2410\">So, 23.10. und Mo, 24.10.<\/h5>\n<p>Jugo mit 10 bis 15 kn, Tagesh\u00f6chsttemperatur um die 20 Grad, Welle 30 bis 50 cm, warmes Wasser. Da macht Segeln so richtig Spass. Auch, wenn man auf der Kreuz nicht ganz so schnell ist wie die meisten anderen. Oder bei einem der Startversuche wegen Fr\u00fchstarts disqualifiziert wird. Oder eine Boje verpasst. Daf\u00fcr macht Werner seine Sache gut und kann ein paar gute Pl\u00e4tze herausfahren.<\/p>\n<h5 id=\"di2510\">Di, 25.10.<\/h5>\n<p><img decoding=\"async\" src=\"https:\/\/saf-wien.at\/wpneu\/wp-content\/uploads\/2022\/03\/DSC_1166-2.jpg\" alt=\"\" \/><\/p>\n<p>Ein verdorbenes Segleressen hat einen Gro\u00dfteil des Starterfeldes die ganze Nacht auf die Toilette verbannt. <br \/>Gesegelt wurde heute auf der Innenbahn. 8 bis 12 kn aus SO, wenig Welle, fast wie am Neusiedlersee. <\/p>\n<h5 id=\"mi2610\">Mi, 26.10.<\/h5>\n<p><img decoding=\"async\" src=\"https:\/\/saf-wien.at\/wpneu\/wp-content\/uploads\/2022\/03\/DSC_1198.jpg\" alt=\"\" \/>Heute segeln wir wieder auf der Innenbahn, bei ca 8 bis 10 kn aus NO. Helga und Werner k\u00f6nnen heute ihre besten Wettfahrergebnisse einfahren. <\/p>\n<h5 id=\"do2710\">Do, 27.10.<\/h5>\n<p>Die Wetterprognose sagt 25 kn und mehr aus NO voraus. Da auf der Au\u00dfenbahn \u00fcber 30 kn und auf der Innenbahn Drehr von mehr als 60 Grad gemessen wurden wird der Start einmal um eine Stunde verschoben. Auslaufen dann um 12 Uhr zu 2 Wettfahrten unter &#8222;Buschwind&#8220; &#8211; Bedienungen. Helga f\u00e4hrt famos, nur Kenterungen auf dem letzten Halbwind verhindern eine Platzierung um Platz 30.<\/p>\n<p><img decoding=\"async\" src=\"https:\/\/saf-wien.at\/wpneu\/wp-content\/uploads\/2022\/03\/DSC_1182.jpg\" alt=\"\" \/>Christoph holt zum letzten Mal sein Boot aus dem Wasser. Er wird bester \u00f6sterreichischer Radial-Segler.<\/p>\n<p><img decoding=\"async\" src=\"https:\/\/saf-wien.at\/wpneu\/wp-content\/uploads\/2022\/03\/DSC_1210.jpg\" alt=\"\" \/>Am Abend Siegerehrung. Die einzige Medaille aus \u00f6sterreichischer Sicht holt Martin (MartL) Lehner mit einem 2. Platz bei den Masters. Helga wird 2. \u00f6sterreichisches Boot bei den Radials.<\/p>\n<h5 id=\"fr2810\">Fr, 28.10.<\/h5>\n<p>Nach einem Training am Nachmittag fahren wir nach Mirla, einem Nachbarort von Hvar. Der Ort wirkt wie ausgestorben. Im einzigen noch offen Lokal wird nur mehr f\u00fcr die Erntehelfer der Olivenernte gekocht. Der Besitzer des Nachbarhauses zeigt uns seinen kleinen Weinkeller, im n\u00e4chsten Haus sehen wir eine Verarbeitungsanlage f\u00fcr Oliven. <br \/>\u00dcberall wird uns Schnaps oder Wein kredenzt. Wir sind froh, dass wir nur 3 H\u00e4user besucht haben. Sonst w\u00e4ren wir total besoffen in Hvar angekommen \ud83d\ude42<\/p>\n<h5 id=\"sa2910\">Sa, 29.10.<\/h5>\n<p>Heute kaum Wind und die provisorischen Sliprampen sind auch schon abgebaut. Daher kein Training mehr. <\/p>\n<p><img decoding=\"async\" src=\"https:\/\/saf-wien.at\/wpneu\/wp-content\/uploads\/2022\/03\/DSC_1232-1.jpg\" alt=\"\" \/>Auf dem Heimweg zur F\u00e4hre besichtigen wir noch eine der modernsten Olivenpressen der Insel. Hier wird ein Gro\u00dfteil des heimischen Oliven\u00f6ls hergestellt. <\/p>\n<p><img decoding=\"async\" src=\"https:\/\/saf-wien.at\/wpneu\/wp-content\/uploads\/2022\/03\/DSC_1251.jpg\" alt=\"\" \/>Um 17:30 geht die F\u00e4hre ab nach Split und der lange Weg zur\u00fcck nach Wien beginnt.<\/p>\n<h5 id=\"weitereinfos\">Weitere Infos<\/h5>\n<p>Die <strong>gesamten Ergebnisse<\/strong> der Laser Master EM findet man unter <a href=\"http:\/\/lasereuropeanmasters16.com\/en\/results\">http:\/\/lasereuropeanmasters16.com\/en\/results<\/a>. <\/p>\n<p>Weitere <strong>Fotos<\/strong> auf <\/p>\n<ul>\n<li>\n<p><a href=\"http:\/\/lasereuropeanmasters16.com\/en\/photo\">http:\/\/lasereuropeanmasters16.com\/en\/photo<\/a>, auf <\/p>\n<\/li>\n<li>\n<p><a href=\"https:\/\/eurilca.smugmug.com\/European-Laser-Master\/\">https:\/\/eurilca.smugmug.com\/European-Laser-Master\/<\/a> und auf <\/p>\n<\/li>\n<li>\n<p><a href=\"http:\/\/thomtouw.photoshelter.com\/gallery-collection\/2016-European-Laser-Masters-Hvar-Croatie\/C00001c7SpYvw4cY\">http:\/\/thomtouw.photoshelter.com\/gallery-collection\/2016-European-Laser-Masters-Hvar-Croatie\/C00001c7SpYvw4cY<\/a>.<\/p>\n<\/li>\n<\/ul>\n<p><strong>Facebook<\/strong>: jkzvir und eurilcaofficial<\/p>\n","protected":false},"excerpt":{"rendered":"<p>Ungew\u00f6hnlich sp\u00e4t, vom 22. bis zum 28.10.2016, wurde in diesem Jahr die Laser Master EM auf Hvar (Kroatien) angesetzt. Da hofft man nat\u00fcrlich auf sp\u00e4tsommerliche Herbsttage mit angenehmen Winden. Mit Schaudern denkt man aber auch zur\u00fcck an kroatische Meisterschaften, bei denen die Bora \u00fcber den tief verschneiten Velebit gefegt ist und wir bei 6 Grad &#8230; <a title=\"Laser Master EM auf Hvar\" class=\"read-more\" href=\"https:\/\/saf-wien.at\/wpneu\/index.php\/2016\/10\/22\/laser-master-em-auf-hvar\/\" aria-label=\"Mehr Informationen \u00fcber Laser Master EM auf Hvar\">Weiterlesen<\/a><\/p>\n","protected":false},"author":1,"featured_media":1906,"comment_status":"open","ping_status":"open","sticky":false,"template":"","format":"standard","meta":{"footnotes":""},"categories":[1],"tags":[3],"class_list":["post-1918","post","type-post","status-publish","format-standard","has-post-thumbnail","hentry","category-uncategorized","tag-regatten"],"_links":{"self":[{"href":"https:\/\/saf-wien.at\/wpneu\/index.php\/wp-json\/wp\/v2\/posts\/1918","targetHints":{"allow":["GET"]}}],"collection":[{"href":"https:\/\/saf-wien.at\/wpneu\/index.php\/wp-json\/wp\/v2\/posts"}],"about":[{"href":"https:\/\/saf-wien.at\/wpneu\/index.php\/wp-json\/wp\/v2\/types\/post"}],"author":[{"embeddable":true,"href":"https:\/\/saf-wien.at\/wpneu\/index.php\/wp-json\/wp\/v2\/users\/1"}],"replies":[{"embeddable":true,"href":"https:\/\/saf-wien.at\/wpneu\/index.php\/wp-json\/wp\/v2\/comments?post=1918"}],"version-history":[{"count":0,"href":"https:\/\/saf-wien.at\/wpneu\/index.php\/wp-json\/wp\/v2\/posts\/1918\/revisions"}],"wp:featuredmedia":[{"embeddable":true,"href":"https:\/\/saf-wien.at\/wpneu\/index.php\/wp-json\/wp\/v2\/posts\/1906"}],"wp:attachment":[{"href":"https:\/\/saf-wien.at\/wpneu\/index.php\/wp-json\/wp\/v2\/media?parent=1918"}],"wp:term":[{"taxonomy":"category","embeddable":true,"href":"https:\/\/saf-wien.at\/wpneu\/index.php\/wp-json\/wp\/v2\/categories?post=1918"},{"taxonomy":"post_tag","embeddable":true,"href":"https:\/\/saf-wien.at\/wpneu\/index.php\/wp-json\/wp\/v2\/tags?post=1918"}],"curies":[{"name":"wp","href":"https:\/\/api.w.org\/{rel}","templated":true}]}}