{"id":1904,"date":"2016-10-08T19:24:00","date_gmt":"2016-10-08T19:24:00","guid":{"rendered":"https:\/\/saf-wien.at\/wpneu\/index.php\/2016\/10\/08\/landesmeisterschaft-in-der-klasse-laser-radial-erfolgreich-durchgefuhrt\/"},"modified":"2016-10-08T19:24:00","modified_gmt":"2016-10-08T19:24:00","slug":"landesmeisterschaft-in-der-klasse-laser-radial-erfolgreich-durchgefuhrt","status":"publish","type":"post","link":"https:\/\/saf-wien.at\/wpneu\/index.php\/2016\/10\/08\/landesmeisterschaft-in-der-klasse-laser-radial-erfolgreich-durchgefuhrt\/","title":{"rendered":"Landesmeisterschaft in der Klasse Laser Radial erfolgreich durchgef\u00fchrt"},"content":{"rendered":"<p>Die Landesmeisterschaft sowie die Jugendlandesmeisterschaft in der Klasse Laser Radial konnte am 8. Oktober 2016 erfolgreich veranstaltet werden.<\/p>\n<p>Trotz leichtem Wind konnten 4 Wettfahrten durchgef\u00fchrt werden. Bei jeder Wettfahrt gab es ein ansehnliches Starterfeld von 14 Booten.<\/p>\n<p>Jugendlandesmeister wurde Clemens K\u00fcbber (SAF). Auf den weiteren Pl\u00e4tzen folgten Clara Petschel (SAF) und Anastasia Golik (SAF).<\/p>\n<p>Landesmeister der Klasse Laser Radial wurde Markus Kerschbaum (SCAMS). Auf den weiteren Pl\u00e4tzen folgten Werner Kainacher (SAF) und J\u00f6rg Holl (SAF). <br \/><img decoding=\"async\" src=\"https:\/\/saf-wien.at\/wpneu\/wp-content\/uploads\/2022\/03\/LM_Sieger_inet.jpg\" alt=\"die Landesmeister\" \/>Segler von links nach rechts: 1. Reihe: Clara Petschel, Clemens K\u00fcbber, Anastasia Golik; 2. Reihe: Werner Kainacher, Markus Kerschbaum, J\u00f6rg Holl<\/p>\n","protected":false},"excerpt":{"rendered":"<p>Die Landesmeisterschaft sowie die Jugendlandesmeisterschaft in der Klasse Laser Radial konnte am 8. Oktober 2016 erfolgreich veranstaltet werden. Trotz leichtem Wind konnten 4 Wettfahrten durchgef\u00fchrt werden. Bei jeder Wettfahrt gab es ein ansehnliches Starterfeld von 14 Booten. Jugendlandesmeister wurde Clemens K\u00fcbber (SAF). Auf den weiteren Pl\u00e4tzen folgten Clara Petschel (SAF) und Anastasia Golik (SAF). Landesmeister &#8230; <a title=\"Landesmeisterschaft in der Klasse Laser Radial erfolgreich durchgef\u00fchrt\" class=\"read-more\" href=\"https:\/\/saf-wien.at\/wpneu\/index.php\/2016\/10\/08\/landesmeisterschaft-in-der-klasse-laser-radial-erfolgreich-durchgefuhrt\/\" aria-label=\"Mehr Informationen \u00fcber Landesmeisterschaft in der Klasse Laser Radial erfolgreich durchgef\u00fchrt\">Weiterlesen<\/a><\/p>\n","protected":false},"author":3,"featured_media":1902,"comment_status":"open","ping_status":"open","sticky":false,"template":"","format":"standard","meta":{"footnotes":""},"categories":[1],"tags":[3],"class_list":["post-1904","post","type-post","status-publish","format-standard","has-post-thumbnail","hentry","category-uncategorized","tag-regatten"],"_links":{"self":[{"href":"https:\/\/saf-wien.at\/wpneu\/index.php\/wp-json\/wp\/v2\/posts\/1904","targetHints":{"allow":["GET"]}}],"collection":[{"href":"https:\/\/saf-wien.at\/wpneu\/index.php\/wp-json\/wp\/v2\/posts"}],"about":[{"href":"https:\/\/saf-wien.at\/wpneu\/index.php\/wp-json\/wp\/v2\/types\/post"}],"author":[{"embeddable":true,"href":"https:\/\/saf-wien.at\/wpneu\/index.php\/wp-json\/wp\/v2\/users\/3"}],"replies":[{"embeddable":true,"href":"https:\/\/saf-wien.at\/wpneu\/index.php\/wp-json\/wp\/v2\/comments?post=1904"}],"version-history":[{"count":0,"href":"https:\/\/saf-wien.at\/wpneu\/index.php\/wp-json\/wp\/v2\/posts\/1904\/revisions"}],"wp:featuredmedia":[{"embeddable":true,"href":"https:\/\/saf-wien.at\/wpneu\/index.php\/wp-json\/"}],"wp:attachment":[{"href":"https:\/\/saf-wien.at\/wpneu\/index.php\/wp-json\/wp\/v2\/media?parent=1904"}],"wp:term":[{"taxonomy":"category","embeddable":true,"href":"https:\/\/saf-wien.at\/wpneu\/index.php\/wp-json\/wp\/v2\/categories?post=1904"},{"taxonomy":"post_tag","embeddable":true,"href":"https:\/\/saf-wien.at\/wpneu\/index.php\/wp-json\/wp\/v2\/tags?post=1904"}],"curies":[{"name":"wp","href":"https:\/\/api.w.org\/{rel}","templated":true}]}}