{"id":170,"date":"2011-10-01T18:29:00","date_gmt":"2011-10-01T18:29:00","guid":{"rendered":"https:\/\/saf-wien.at\/wpneu\/index.php\/2011\/10\/01\/ein-vereinswimpel-geht-nach-teneriffa\/"},"modified":"2011-10-01T18:29:00","modified_gmt":"2011-10-01T18:29:00","slug":"ein-vereinswimpel-geht-nach-teneriffa","status":"publish","type":"post","link":"https:\/\/saf-wien.at\/wpneu\/index.php\/2011\/10\/01\/ein-vereinswimpel-geht-nach-teneriffa\/","title":{"rendered":"Ein Vereinswimpel geht nach Teneriffa"},"content":{"rendered":"<p>Hans K\u00f6nig ist Wiener Kommunalpolitiker und Schriftsteller.<\/p>\n<p>Noch bevor er 1971 nach unabgeschlossenem Studium an der Universit\u00e4t Wien in das Kulturamt der Stadt Wien eintrat, entwickelte er als Mitbegr\u00fcnder des Bezirksmuseum Leopoldstadt rege kulturpolitische Aktivit\u00e4ten. Als Bezirksrat der Leopoldstadt (1978-1983), als Mitglied des Wiener Gemeinderats und Landtags (1983-1995) und in diversen weiteren Funktionen gr\u00fcndete er zahlreiche soziale und kulturelle Initiativen, u.a. \u201eAktion Mensch\u201c (1986), \u201e1. Leopoldst\u00e4dter Renitenztheater\u201c (1990) und \u201eLiteratur im November\u201c (1990). Als Betroffener fungierte er 1990 bis 1995 als Pr\u00e4sident des Europ\u00e4ischen Nierenpatientenverbandes CEAPIR.<\/p>\n<p>1995 pensioniert, \u00fcbersiedelte er aus gesundheitlichen Gr\u00fcnden nach Teneriffa, wo er sich fortan seinem besonderen Interesse, der Geschichte, widmete. 2006 wurde er in die k\u00f6nigliche Akademie der Wissenschaften von Teneriffa  aufgenommen.<\/p>\n<p>So stehts im Wikipedia, aber fast wichtiger &#8211; er war SAF-Pr\u00e4sident und ist Ehrenmitglied seit 1997 und auch in Teneriffa unserem Verein sehr verbunden!<\/p>\n<p>Bei seinem j\u00fcngsten Besuch in der alten Heimatstadt konnten wir unserem Freund und seiner Frau die neuen Klubanlagen im Segelzentrum zeigen und ihm f\u00fcr sein Haus in Teneriffa einen Vereinswimpel \u00fcbergeben. <\/p>\n<p><img decoding=\"async\" src=\"https:\/\/saf-wien.at\/wpneu\/wp-content\/uploads\/2022\/03\/koenig_wimpel_1_web.jpg\" alt=\"Wimpel\u00fcbergabe\" \/>Am Wasser w\u00e4re es schon zu kalt gewesen, daher mussten wir leider zu einem Stammersdorfer Heurigen ausweichen<\/p>\n<p><img decoding=\"async\" src=\"https:\/\/saf-wien.at\/wpneu\/wp-content\/uploads\/2022\/03\/koenig_wimpel_2_web.jpg\" alt=\"K\u00f6nig mit Wimpel\" \/>Vielleicht sehen wir Euch in Teneriffa<\/p>\n<p>Text wurde von Johann Wolfgang verfasst.<\/p>\n","protected":false},"excerpt":{"rendered":"<p>Hans K\u00f6nig ist Wiener Kommunalpolitiker und Schriftsteller. Noch bevor er 1971 nach unabgeschlossenem Studium an der Universit\u00e4t Wien in das Kulturamt der Stadt Wien eintrat, entwickelte er als Mitbegr\u00fcnder des Bezirksmuseum Leopoldstadt rege kulturpolitische Aktivit\u00e4ten. Als Bezirksrat der Leopoldstadt (1978-1983), als Mitglied des Wiener Gemeinderats und Landtags (1983-1995) und in diversen weiteren Funktionen gr\u00fcndete er &#8230; <a title=\"Ein Vereinswimpel geht nach Teneriffa\" class=\"read-more\" href=\"https:\/\/saf-wien.at\/wpneu\/index.php\/2011\/10\/01\/ein-vereinswimpel-geht-nach-teneriffa\/\" aria-label=\"Mehr Informationen \u00fcber Ein Vereinswimpel geht nach Teneriffa\">Weiterlesen<\/a><\/p>\n","protected":false},"author":3,"featured_media":160,"comment_status":"open","ping_status":"open","sticky":false,"template":"","format":"standard","meta":{"footnotes":""},"categories":[1],"tags":[],"class_list":["post-170","post","type-post","status-publish","format-standard","has-post-thumbnail","hentry","category-uncategorized"],"_links":{"self":[{"href":"https:\/\/saf-wien.at\/wpneu\/index.php\/wp-json\/wp\/v2\/posts\/170","targetHints":{"allow":["GET"]}}],"collection":[{"href":"https:\/\/saf-wien.at\/wpneu\/index.php\/wp-json\/wp\/v2\/posts"}],"about":[{"href":"https:\/\/saf-wien.at\/wpneu\/index.php\/wp-json\/wp\/v2\/types\/post"}],"author":[{"embeddable":true,"href":"https:\/\/saf-wien.at\/wpneu\/index.php\/wp-json\/wp\/v2\/users\/3"}],"replies":[{"embeddable":true,"href":"https:\/\/saf-wien.at\/wpneu\/index.php\/wp-json\/wp\/v2\/comments?post=170"}],"version-history":[{"count":0,"href":"https:\/\/saf-wien.at\/wpneu\/index.php\/wp-json\/wp\/v2\/posts\/170\/revisions"}],"wp:featuredmedia":[{"embeddable":true,"href":"https:\/\/saf-wien.at\/wpneu\/index.php\/wp-json\/wp\/v2\/posts\/160"}],"wp:attachment":[{"href":"https:\/\/saf-wien.at\/wpneu\/index.php\/wp-json\/wp\/v2\/media?parent=170"}],"wp:term":[{"taxonomy":"category","embeddable":true,"href":"https:\/\/saf-wien.at\/wpneu\/index.php\/wp-json\/wp\/v2\/categories?post=170"},{"taxonomy":"post_tag","embeddable":true,"href":"https:\/\/saf-wien.at\/wpneu\/index.php\/wp-json\/wp\/v2\/tags?post=170"}],"curies":[{"name":"wp","href":"https:\/\/api.w.org\/{rel}","templated":true}]}}